{"id":8417,"date":"2019-05-26T20:00:04","date_gmt":"2019-05-26T18:00:04","guid":{"rendered":"https:\/\/eager-austin.188-34-163-140.plesk.page\/?p=8417"},"modified":"2019-05-26T20:00:04","modified_gmt":"2019-05-26T18:00:04","slug":"mittagessen-im-wald","status":"publish","type":"post","link":"https:\/\/kitabluemli.ch\/en\/mittagessen-im-wald\/","title":{"rendered":"Mittagessen im Wald"},"content":{"rendered":"<p>Mittagessen im Wald. Die Kinder bekommen t\u00e4glich von uns frische Fr\u00fcchte und Gem\u00fcse ausserdem achten wir darauf das sie genug Wasser trinken. Wir geben soweit wie m\u00f6glich ausschliesslich BIO und saisongerechte Lebensmittel. Ausgewogenes und genussvolles Essen und Trinken versorgt die Kinder mit Energie, lebenswichtigen N\u00e4hr- sowie Schutzstoffen und f\u00f6rdert das k\u00f6rperliche Wohlbefinden.<\/p>","protected":false},"excerpt":{"rendered":"<p>Mittagessen im Wald. Die Kinder bekommen t\u00e4glich von uns frische Fr\u00fcchte und Gem\u00fcse ausserdem achten wir darauf das sie genug Wasser trinken. Wir geben soweit wie m\u00f6glich ausschliesslich BIO und saisongerechte Lebensmittel. Ausgewogenes und genussvolles Essen und Trinken versorgt die Kinder mit Energie, lebenswichtigen N\u00e4hr- sowie Schutzstoffen und f\u00f6rdert das k\u00f6rperliche Wohlbefinden.<\/p>","protected":false},"author":2,"featured_media":8413,"comment_status":"closed","ping_status":"closed","sticky":false,"template":"","format":"standard","meta":{"footnotes":""},"categories":[520],"tags":[],"class_list":["post-8417","post","type-post","status-publish","format-standard","has-post-thumbnail","hentry","category-waldkinderkrippe-blog"],"_links":{"self":[{"href":"https:\/\/kitabluemli.ch\/en\/wp-json\/wp\/v2\/posts\/8417","targetHints":{"allow":["GET"]}}],"collection":[{"href":"https:\/\/kitabluemli.ch\/en\/wp-json\/wp\/v2\/posts"}],"about":[{"href":"https:\/\/kitabluemli.ch\/en\/wp-json\/wp\/v2\/types\/post"}],"author":[{"embeddable":true,"href":"https:\/\/kitabluemli.ch\/en\/wp-json\/wp\/v2\/users\/2"}],"replies":[{"embeddable":true,"href":"https:\/\/kitabluemli.ch\/en\/wp-json\/wp\/v2\/comments?post=8417"}],"version-history":[{"count":0,"href":"https:\/\/kitabluemli.ch\/en\/wp-json\/wp\/v2\/posts\/8417\/revisions"}],"wp:featuredmedia":[{"embeddable":true,"href":"https:\/\/kitabluemli.ch\/en\/wp-json\/wp\/v2\/media\/8413"}],"wp:attachment":[{"href":"https:\/\/kitabluemli.ch\/en\/wp-json\/wp\/v2\/media?parent=8417"}],"wp:term":[{"taxonomy":"category","embeddable":true,"href":"https:\/\/kitabluemli.ch\/en\/wp-json\/wp\/v2\/categories?post=8417"},{"taxonomy":"post_tag","embeddable":true,"href":"https:\/\/kitabluemli.ch\/en\/wp-json\/wp\/v2\/tags?post=8417"}],"curies":[{"name":"wp","href":"https:\/\/api.w.org\/{rel}","templated":true}]}}