{"id":8467,"date":"2019-06-09T21:00:57","date_gmt":"2019-06-09T19:00:57","guid":{"rendered":"https:\/\/eager-austin.188-34-163-140.plesk.page\/?p=8467"},"modified":"2019-06-09T21:00:57","modified_gmt":"2019-06-09T19:00:57","slug":"erza%cc%88hlung-im-wald","status":"publish","type":"post","link":"https:\/\/kitabluemli.ch\/en\/erza%cc%88hlung-im-wald\/","title":{"rendered":"Erza\u0308hlung im Wald"},"content":{"rendered":"<div id='gallery-1' class='gallery galleryid-8467 gallery-columns-3 gallery-size-thumbnail'><figure class='gallery-item'>\n\t\t\t<div class='gallery-icon landscape'>\n\t\t\t\t<a href='https:\/\/kitabluemli.ch\/en\/erza%cc%88hlung-im-wald\/erzacc88hlung-im-wald-01\/'><img decoding=\"async\" width=\"150\" height=\"150\" src=\"https:\/\/kitabluemli.ch\/wp-content\/uploads\/2020\/04\/erzacc88hlung-im-wald-01-150x150.jpg\" class=\"attachment-thumbnail size-thumbnail\" alt=\"\" title=\"\"><\/a>\n\t\t\t<\/div><\/figure>\n\t\t<\/div>\n\n<p>Wir h\u00f6ren gespannt eine Erz\u00e4hlung zu. Erz\u00e4hlungen im Wald sind toll es herrscht eine total andere Atmosph\u00e4re, unsere Kinder lieben es.<\/p>","protected":false},"excerpt":{"rendered":"<p>Wir h\u00f6ren gespannt eine Erz\u00e4hlung zu. Erz\u00e4hlungen im Wald sind toll es herrscht eine total andere Atmosph\u00e4re, unsere Kinder lieben es.<\/p>","protected":false},"author":2,"featured_media":8432,"comment_status":"closed","ping_status":"closed","sticky":false,"template":"","format":"gallery","meta":{"footnotes":""},"categories":[520],"tags":[],"class_list":["post-8467","post","type-post","status-publish","format-gallery","has-post-thumbnail","hentry","category-waldkinderkrippe-blog","post_format-post-format-gallery"],"_links":{"self":[{"href":"https:\/\/kitabluemli.ch\/en\/wp-json\/wp\/v2\/posts\/8467","targetHints":{"allow":["GET"]}}],"collection":[{"href":"https:\/\/kitabluemli.ch\/en\/wp-json\/wp\/v2\/posts"}],"about":[{"href":"https:\/\/kitabluemli.ch\/en\/wp-json\/wp\/v2\/types\/post"}],"author":[{"embeddable":true,"href":"https:\/\/kitabluemli.ch\/en\/wp-json\/wp\/v2\/users\/2"}],"replies":[{"embeddable":true,"href":"https:\/\/kitabluemli.ch\/en\/wp-json\/wp\/v2\/comments?post=8467"}],"version-history":[{"count":0,"href":"https:\/\/kitabluemli.ch\/en\/wp-json\/wp\/v2\/posts\/8467\/revisions"}],"wp:featuredmedia":[{"embeddable":true,"href":"https:\/\/kitabluemli.ch\/en\/wp-json\/wp\/v2\/media\/8432"}],"wp:attachment":[{"href":"https:\/\/kitabluemli.ch\/en\/wp-json\/wp\/v2\/media?parent=8467"}],"wp:term":[{"taxonomy":"category","embeddable":true,"href":"https:\/\/kitabluemli.ch\/en\/wp-json\/wp\/v2\/categories?post=8467"},{"taxonomy":"post_tag","embeddable":true,"href":"https:\/\/kitabluemli.ch\/en\/wp-json\/wp\/v2\/tags?post=8467"}],"curies":[{"name":"wp","href":"https:\/\/api.w.org\/{rel}","templated":true}]}}