{"id":8496,"date":"2019-06-14T07:00:01","date_gmt":"2019-06-14T05:00:01","guid":{"rendered":"https:\/\/eager-austin.188-34-163-140.plesk.page\/?p=8496"},"modified":"2019-06-14T07:00:01","modified_gmt":"2019-06-14T05:00:01","slug":"was-ist-sommer","status":"publish","type":"post","link":"https:\/\/kitabluemli.ch\/en\/was-ist-sommer\/","title":{"rendered":"Was ist Sommer"},"content":{"rendered":"<div id='gallery-1' class='gallery galleryid-8496 gallery-columns-3 gallery-size-thumbnail'><figure class='gallery-item'>\n\t\t\t<div class='gallery-icon landscape'>\n\t\t\t\t<a href='https:\/\/kitabluemli.ch\/en\/was-ist-sommer\/was-ist-sommer-03\/'><img decoding=\"async\" width=\"150\" height=\"150\" src=\"https:\/\/kitabluemli.ch\/wp-content\/uploads\/2020\/04\/was-ist-sommer-03-150x150.jpg\" class=\"attachment-thumbnail size-thumbnail\" alt=\"\" title=\"\"><\/a>\n\t\t\t<\/div><\/figure>\n\t\t<\/div>\n\n<p>Erz\u00e4hlung &#171;Was ist Sommer?&#187;.\u00a0 Der <a href=\"https:\/\/de.wikipedia.org\/wiki\/Sommer\" target=\"_blank\" rel=\"noopener\">Sommer<\/a> ist die w\u00e4rmste der vier Jahreszeiten. Je nachdem, ob er gerade auf der Nord- oder S\u00fcdhalbkugel herrscht, spricht man vom Nord- oder S\u00fcdsommer. Der Nordsommer findet gleichzeitig mit dem S\u00fcdwinter statt.<\/p>","protected":false},"excerpt":{"rendered":"<p>Erz\u00e4hlung &#171;Was ist Sommer?&#187;.\u00a0 Der Sommer ist die w\u00e4rmste der vier Jahreszeiten. Je nachdem, ob er gerade auf der Nord- oder S\u00fcdhalbkugel herrscht, spricht man vom Nord- oder S\u00fcdsommer. Der Nordsommer findet gleichzeitig mit dem S\u00fcdwinter statt.<\/p>","protected":false},"author":2,"featured_media":8484,"comment_status":"closed","ping_status":"closed","sticky":false,"template":"","format":"gallery","meta":{"footnotes":""},"categories":[519],"tags":[],"class_list":["post-8496","post","type-post","status-publish","format-gallery","has-post-thumbnail","hentry","category-kinderkrippe-blog","post_format-post-format-gallery"],"_links":{"self":[{"href":"https:\/\/kitabluemli.ch\/en\/wp-json\/wp\/v2\/posts\/8496","targetHints":{"allow":["GET"]}}],"collection":[{"href":"https:\/\/kitabluemli.ch\/en\/wp-json\/wp\/v2\/posts"}],"about":[{"href":"https:\/\/kitabluemli.ch\/en\/wp-json\/wp\/v2\/types\/post"}],"author":[{"embeddable":true,"href":"https:\/\/kitabluemli.ch\/en\/wp-json\/wp\/v2\/users\/2"}],"replies":[{"embeddable":true,"href":"https:\/\/kitabluemli.ch\/en\/wp-json\/wp\/v2\/comments?post=8496"}],"version-history":[{"count":0,"href":"https:\/\/kitabluemli.ch\/en\/wp-json\/wp\/v2\/posts\/8496\/revisions"}],"wp:featuredmedia":[{"embeddable":true,"href":"https:\/\/kitabluemli.ch\/en\/wp-json\/wp\/v2\/media\/8484"}],"wp:attachment":[{"href":"https:\/\/kitabluemli.ch\/en\/wp-json\/wp\/v2\/media?parent=8496"}],"wp:term":[{"taxonomy":"category","embeddable":true,"href":"https:\/\/kitabluemli.ch\/en\/wp-json\/wp\/v2\/categories?post=8496"},{"taxonomy":"post_tag","embeddable":true,"href":"https:\/\/kitabluemli.ch\/en\/wp-json\/wp\/v2\/tags?post=8496"}],"curies":[{"name":"wp","href":"https:\/\/api.w.org\/{rel}","templated":true}]}}