{"id":8537,"date":"2019-06-22T21:00:06","date_gmt":"2019-06-22T19:00:06","guid":{"rendered":"https:\/\/eager-austin.188-34-163-140.plesk.page\/?p=8537"},"modified":"2019-06-22T21:00:06","modified_gmt":"2019-06-22T19:00:06","slug":"schlangenbrot-selber-machen","status":"publish","type":"post","link":"https:\/\/kitabluemli.ch\/en\/schlangenbrot-selber-machen\/","title":{"rendered":"Schlangenbrot selber machen"},"content":{"rendered":"<div id='gallery-1' class='gallery galleryid-8537 gallery-columns-3 gallery-size-thumbnail'><figure class='gallery-item'>\n\t\t\t<div class='gallery-icon landscape'>\n\t\t\t\t<a href='https:\/\/kitabluemli.ch\/en\/schlangenbrot-selber-machen-02\/'><img decoding=\"async\" width=\"150\" height=\"150\" src=\"https:\/\/kitabluemli.ch\/wp-content\/uploads\/2020\/04\/schlangenbrot-selber-machen-02-150x150.jpg\" class=\"attachment-thumbnail size-thumbnail\" alt=\"\" title=\"\"><\/a>\n\t\t\t<\/div><\/figure>\n\t\t<\/div>\n\n<p>Schlangenbrot selber machen ist gar nicht so schwer. Rezept: Mehl und Salz in eine Sch\u00fcssel geben, mischen, eine Mulde formen. Die Hefe mit 1\/2 dl Wasser aufl\u00f6sen, in die Mulde giessen. Mit wenig Mehl vom Rand zu einem dickfl\u00fcssigen Brei anr\u00fchren, ca. 15 Minuten stehen lassen. Restliches Wasser beif\u00fcgen, zu einem geschmeidigen Teig verkneten. Zugedeckt aufs Doppelte aufgehen lassen. Teig in Portionen teilen, zu langen Str\u00e4ngen formen. Jeden Strang um einen Stecken wickeln. \u00dcber der Glut je nach Gr\u00f6sse 10-20 Minuten backen.<\/p>","protected":false},"excerpt":{"rendered":"<p>Schlangenbrot selber machen ist gar nicht so schwer. Rezept: Mehl und Salz in eine Sch\u00fcssel geben, mischen, eine Mulde formen. Die Hefe mit 1\/2 dl Wasser aufl\u00f6sen, in die Mulde giessen. Mit wenig Mehl vom Rand zu einem dickfl\u00fcssigen Brei anr\u00fchren, ca. 15 Minuten stehen lassen. Restliches Wasser beif\u00fcgen, zu einem geschmeidigen Teig verkneten. Zugedeckt [&hellip;]<\/p>\n","protected":false},"author":2,"featured_media":8520,"comment_status":"closed","ping_status":"closed","sticky":false,"template":"","format":"gallery","meta":{"footnotes":""},"categories":[520],"tags":[],"class_list":["post-8537","post","type-post","status-publish","format-gallery","has-post-thumbnail","hentry","category-waldkinderkrippe-blog","post_format-post-format-gallery"],"_links":{"self":[{"href":"https:\/\/kitabluemli.ch\/en\/wp-json\/wp\/v2\/posts\/8537","targetHints":{"allow":["GET"]}}],"collection":[{"href":"https:\/\/kitabluemli.ch\/en\/wp-json\/wp\/v2\/posts"}],"about":[{"href":"https:\/\/kitabluemli.ch\/en\/wp-json\/wp\/v2\/types\/post"}],"author":[{"embeddable":true,"href":"https:\/\/kitabluemli.ch\/en\/wp-json\/wp\/v2\/users\/2"}],"replies":[{"embeddable":true,"href":"https:\/\/kitabluemli.ch\/en\/wp-json\/wp\/v2\/comments?post=8537"}],"version-history":[{"count":0,"href":"https:\/\/kitabluemli.ch\/en\/wp-json\/wp\/v2\/posts\/8537\/revisions"}],"wp:featuredmedia":[{"embeddable":true,"href":"https:\/\/kitabluemli.ch\/en\/wp-json\/wp\/v2\/media\/8520"}],"wp:attachment":[{"href":"https:\/\/kitabluemli.ch\/en\/wp-json\/wp\/v2\/media?parent=8537"}],"wp:term":[{"taxonomy":"category","embeddable":true,"href":"https:\/\/kitabluemli.ch\/en\/wp-json\/wp\/v2\/categories?post=8537"},{"taxonomy":"post_tag","embeddable":true,"href":"https:\/\/kitabluemli.ch\/en\/wp-json\/wp\/v2\/tags?post=8537"}],"curies":[{"name":"wp","href":"https:\/\/api.w.org\/{rel}","templated":true}]}}