{"id":8627,"date":"2019-07-17T07:00:03","date_gmt":"2019-07-17T05:00:03","guid":{"rendered":"https:\/\/eager-austin.188-34-163-140.plesk.page\/?p=8627"},"modified":"2019-07-17T07:00:03","modified_gmt":"2019-07-17T05:00:03","slug":"becherslalom","status":"publish","type":"post","link":"https:\/\/kitabluemli.ch\/en\/becherslalom\/","title":{"rendered":"Becherslalom"},"content":{"rendered":"<div id='gallery-1' class='gallery galleryid-8627 gallery-columns-3 gallery-size-thumbnail'><figure class='gallery-item'>\n\t\t\t<div class='gallery-icon landscape'>\n\t\t\t\t<a href='https:\/\/kitabluemli.ch\/en\/becherslalom-02\/'><img decoding=\"async\" width=\"150\" height=\"150\" src=\"https:\/\/kitabluemli.ch\/wp-content\/uploads\/2020\/04\/becherslalom-02-150x150.jpg\" class=\"attachment-thumbnail size-thumbnail\" alt=\"\" title=\"\"><\/a>\n\t\t\t<\/div><\/figure>\n\t\t<\/div>\n\n<p>Becherslalom im Wald als Balancier\u00fcbung. Balancieren ist Gleichgewicht trainieren. Nur eine sicher entwickelte, automatisierte Grobmotorik, f\u00fchrt zu einem guten Erwerb der Feinmotorik bei den Kindern. Die Kinder \u00fcben und trainieren ihre individuelle Gleichgewichtsf\u00e4higkeit und helfen bzw. sichern sich gegenseitig. Sie k\u00f6nnen so gezielt die Koordination der Bewegungsabl\u00e4ufe, sowohl im grob- als auch im feinmotorischen Bereich trainieren.<\/p>","protected":false},"excerpt":{"rendered":"<p>Becherslalom im Wald als Balancier\u00fcbung. Balancieren ist Gleichgewicht trainieren. Nur eine sicher entwickelte, automatisierte Grobmotorik, f\u00fchrt zu einem guten Erwerb der Feinmotorik bei den Kindern. Die Kinder \u00fcben und trainieren ihre individuelle Gleichgewichtsf\u00e4higkeit und helfen bzw. sichern sich gegenseitig. Sie k\u00f6nnen so gezielt die Koordination der Bewegungsabl\u00e4ufe, sowohl im grob- als auch im feinmotorischen Bereich [&hellip;]<\/p>\n","protected":false},"author":2,"featured_media":8621,"comment_status":"closed","ping_status":"closed","sticky":false,"template":"","format":"gallery","meta":{"footnotes":""},"categories":[520],"tags":[],"class_list":["post-8627","post","type-post","status-publish","format-gallery","has-post-thumbnail","hentry","category-waldkinderkrippe-blog","post_format-post-format-gallery"],"_links":{"self":[{"href":"https:\/\/kitabluemli.ch\/en\/wp-json\/wp\/v2\/posts\/8627","targetHints":{"allow":["GET"]}}],"collection":[{"href":"https:\/\/kitabluemli.ch\/en\/wp-json\/wp\/v2\/posts"}],"about":[{"href":"https:\/\/kitabluemli.ch\/en\/wp-json\/wp\/v2\/types\/post"}],"author":[{"embeddable":true,"href":"https:\/\/kitabluemli.ch\/en\/wp-json\/wp\/v2\/users\/2"}],"replies":[{"embeddable":true,"href":"https:\/\/kitabluemli.ch\/en\/wp-json\/wp\/v2\/comments?post=8627"}],"version-history":[{"count":0,"href":"https:\/\/kitabluemli.ch\/en\/wp-json\/wp\/v2\/posts\/8627\/revisions"}],"wp:featuredmedia":[{"embeddable":true,"href":"https:\/\/kitabluemli.ch\/en\/wp-json\/wp\/v2\/media\/8621"}],"wp:attachment":[{"href":"https:\/\/kitabluemli.ch\/en\/wp-json\/wp\/v2\/media?parent=8627"}],"wp:term":[{"taxonomy":"category","embeddable":true,"href":"https:\/\/kitabluemli.ch\/en\/wp-json\/wp\/v2\/categories?post=8627"},{"taxonomy":"post_tag","embeddable":true,"href":"https:\/\/kitabluemli.ch\/en\/wp-json\/wp\/v2\/tags?post=8627"}],"curies":[{"name":"wp","href":"https:\/\/api.w.org\/{rel}","templated":true}]}}