{"id":8661,"date":"2019-07-30T07:00:08","date_gmt":"2019-07-30T05:00:08","guid":{"rendered":"https:\/\/eager-austin.188-34-163-140.plesk.page\/?p=8661"},"modified":"2019-07-30T07:00:08","modified_gmt":"2019-07-30T05:00:08","slug":"geburtstagsfeier","status":"publish","type":"post","link":"https:\/\/kitabluemli.ch\/en\/geburtstagsfeier\/","title":{"rendered":"Geburtstagsfeier"},"content":{"rendered":"<div id='gallery-1' class='gallery galleryid-8661 gallery-columns-3 gallery-size-thumbnail'><figure class='gallery-item'>\n\t\t\t<div class='gallery-icon landscape'>\n\t\t\t\t<a href='https:\/\/kitabluemli.ch\/en\/geburtstagsfeier-02\/'><img decoding=\"async\" width=\"150\" height=\"150\" src=\"https:\/\/kitabluemli.ch\/wp-content\/uploads\/2020\/04\/geburtstagsfeier-02-150x150.jpg\" class=\"attachment-thumbnail size-thumbnail\" alt=\"\" title=\"\"><\/a>\n\t\t\t<\/div><\/figure>\n\t\t<\/div>\n\n<p><a href=\"https:\/\/de.wikipedia.org\/wiki\/Geburtstag\" target=\"_blank\" rel=\"noopener\">Geburtstage<\/a> feiern wir mit allen Kindern in der KiTa oder bei sch\u00f6nes Wetter im Wald. Wir backen ein Kuchen, Schoggi oder R\u00fcebli Kuchen sind besonders beliebt. Wir dekorieren das Tisch und die KiTa und die Party kann beginnen. Nat\u00fcrlich bekommt\u00a0 jedes Geburtstagskind von uns tolle Geschenke.<\/p>","protected":false},"excerpt":{"rendered":"<p>Geburtstage feiern wir mit allen Kindern in der KiTa oder bei sch\u00f6nes Wetter im Wald. Wir backen ein Kuchen, Schoggi oder R\u00fcebli Kuchen sind besonders beliebt. Wir dekorieren das Tisch und die KiTa und die Party kann beginnen. Nat\u00fcrlich bekommt\u00a0 jedes Geburtstagskind von uns tolle Geschenke.<\/p>","protected":false},"author":2,"featured_media":8644,"comment_status":"closed","ping_status":"closed","sticky":false,"template":"","format":"gallery","meta":{"footnotes":""},"categories":[519],"tags":[],"class_list":["post-8661","post","type-post","status-publish","format-gallery","has-post-thumbnail","hentry","category-kinderkrippe-blog","post_format-post-format-gallery"],"_links":{"self":[{"href":"https:\/\/kitabluemli.ch\/en\/wp-json\/wp\/v2\/posts\/8661","targetHints":{"allow":["GET"]}}],"collection":[{"href":"https:\/\/kitabluemli.ch\/en\/wp-json\/wp\/v2\/posts"}],"about":[{"href":"https:\/\/kitabluemli.ch\/en\/wp-json\/wp\/v2\/types\/post"}],"author":[{"embeddable":true,"href":"https:\/\/kitabluemli.ch\/en\/wp-json\/wp\/v2\/users\/2"}],"replies":[{"embeddable":true,"href":"https:\/\/kitabluemli.ch\/en\/wp-json\/wp\/v2\/comments?post=8661"}],"version-history":[{"count":0,"href":"https:\/\/kitabluemli.ch\/en\/wp-json\/wp\/v2\/posts\/8661\/revisions"}],"wp:featuredmedia":[{"embeddable":true,"href":"https:\/\/kitabluemli.ch\/en\/wp-json\/wp\/v2\/media\/8644"}],"wp:attachment":[{"href":"https:\/\/kitabluemli.ch\/en\/wp-json\/wp\/v2\/media?parent=8661"}],"wp:term":[{"taxonomy":"category","embeddable":true,"href":"https:\/\/kitabluemli.ch\/en\/wp-json\/wp\/v2\/categories?post=8661"},{"taxonomy":"post_tag","embeddable":true,"href":"https:\/\/kitabluemli.ch\/en\/wp-json\/wp\/v2\/tags?post=8661"}],"curies":[{"name":"wp","href":"https:\/\/api.w.org\/{rel}","templated":true}]}}