{"id":8667,"date":"2019-08-01T07:00:27","date_gmt":"2019-08-01T05:00:27","guid":{"rendered":"https:\/\/eager-austin.188-34-163-140.plesk.page\/?p=8667"},"modified":"2019-08-01T07:00:27","modified_gmt":"2019-08-01T05:00:27","slug":"1-august-2019","status":"publish","type":"post","link":"https:\/\/kitabluemli.ch\/en\/1-august-2019\/","title":{"rendered":"1. August 2019"},"content":{"rendered":"<p>Wir w\u00fcnschen allen einen sch\u00f6nen 1. August, das KiTa Bl\u00fcemli Team. Morgen Freitag 2. August 2019 sind wir wie gewohnt wieder ge\u00f6ffnet.<\/p>","protected":false},"excerpt":{"rendered":"<p>Wir w\u00fcnschen allen einen sch\u00f6nen 1. August, das KiTa Bl\u00fcemli Team. Morgen Freitag 2. August 2019 sind wir wie gewohnt wieder ge\u00f6ffnet.<\/p>","protected":false},"author":2,"featured_media":8664,"comment_status":"closed","ping_status":"closed","sticky":false,"template":"","format":"standard","meta":{"footnotes":""},"categories":[1],"tags":[],"class_list":["post-8667","post","type-post","status-publish","format-standard","has-post-thumbnail","hentry","category-allgemein-blog"],"_links":{"self":[{"href":"https:\/\/kitabluemli.ch\/en\/wp-json\/wp\/v2\/posts\/8667","targetHints":{"allow":["GET"]}}],"collection":[{"href":"https:\/\/kitabluemli.ch\/en\/wp-json\/wp\/v2\/posts"}],"about":[{"href":"https:\/\/kitabluemli.ch\/en\/wp-json\/wp\/v2\/types\/post"}],"author":[{"embeddable":true,"href":"https:\/\/kitabluemli.ch\/en\/wp-json\/wp\/v2\/users\/2"}],"replies":[{"embeddable":true,"href":"https:\/\/kitabluemli.ch\/en\/wp-json\/wp\/v2\/comments?post=8667"}],"version-history":[{"count":0,"href":"https:\/\/kitabluemli.ch\/en\/wp-json\/wp\/v2\/posts\/8667\/revisions"}],"wp:featuredmedia":[{"embeddable":true,"href":"https:\/\/kitabluemli.ch\/en\/wp-json\/wp\/v2\/media\/8664"}],"wp:attachment":[{"href":"https:\/\/kitabluemli.ch\/en\/wp-json\/wp\/v2\/media?parent=8667"}],"wp:term":[{"taxonomy":"category","embeddable":true,"href":"https:\/\/kitabluemli.ch\/en\/wp-json\/wp\/v2\/categories?post=8667"},{"taxonomy":"post_tag","embeddable":true,"href":"https:\/\/kitabluemli.ch\/en\/wp-json\/wp\/v2\/tags?post=8667"}],"curies":[{"name":"wp","href":"https:\/\/api.w.org\/{rel}","templated":true}]}}