{"id":8824,"date":"2019-09-18T07:00:45","date_gmt":"2019-09-18T05:00:45","guid":{"rendered":"https:\/\/eager-austin.188-34-163-140.plesk.page\/?p=8824"},"modified":"2019-09-18T07:00:45","modified_gmt":"2019-09-18T05:00:45","slug":"mittagessen-in-der-kita","status":"publish","type":"post","link":"https:\/\/kitabluemli.ch\/en\/mittagessen-in-der-kita\/","title":{"rendered":"Mittagessen in der KiTa"},"content":{"rendered":"<div id='gallery-1' class='gallery galleryid-8824 gallery-columns-3 gallery-size-thumbnail'><figure class='gallery-item'>\n\t\t\t<div class='gallery-icon portrait'>\n\t\t\t\t<a href='https:\/\/kitabluemli.ch\/en\/mittagessen-in-der-kita-03\/'><img decoding=\"async\" width=\"150\" height=\"150\" src=\"https:\/\/kitabluemli.ch\/wp-content\/uploads\/2020\/04\/mittagessen-in-der-kita-03-150x150.jpg\" class=\"attachment-thumbnail size-thumbnail\" alt=\"\" title=\"\"><\/a>\n\t\t\t<\/div><\/figure>\n\t\t<\/div>\n\n<p>Alle unsere Mahlzeiten werden soweit m\u00f6glich ausschliesslich mit Bio Produkten frisch und saisonal zubereitet. Wir bereiten f\u00fcr die Kinder alle unsere Mahlzeiten soweit m\u00f6glich ausschliesslich mit Bio Produkten t\u00e4glich frisch und saisonal selber zu und achtet auf eine gesunde und abwechslungsreiche Ern\u00e4hrung. Die Kinder erhalten Fr\u00fchst\u00fcck, Zn\u00fcni, Mittagessen und Zvieri. Lebensmittelunvertr\u00e4glichkeiten werden ber\u00fccksichtigt.<\/p>","protected":false},"excerpt":{"rendered":"<p>Alle unsere Mahlzeiten werden soweit m\u00f6glich ausschliesslich mit Bio Produkten frisch und saisonal zubereitet. Wir bereiten f\u00fcr die Kinder alle unsere Mahlzeiten soweit m\u00f6glich ausschliesslich mit Bio Produkten t\u00e4glich frisch und saisonal selber zu und achtet auf eine gesunde und abwechslungsreiche Ern\u00e4hrung. Die Kinder erhalten Fr\u00fchst\u00fcck, Zn\u00fcni, Mittagessen und Zvieri. Lebensmittelunvertr\u00e4glichkeiten werden ber\u00fccksichtigt.<\/p>","protected":false},"author":2,"featured_media":8790,"comment_status":"closed","ping_status":"closed","sticky":false,"template":"","format":"gallery","meta":{"footnotes":""},"categories":[519],"tags":[],"class_list":["post-8824","post","type-post","status-publish","format-gallery","has-post-thumbnail","hentry","category-kinderkrippe-blog","post_format-post-format-gallery"],"_links":{"self":[{"href":"https:\/\/kitabluemli.ch\/en\/wp-json\/wp\/v2\/posts\/8824","targetHints":{"allow":["GET"]}}],"collection":[{"href":"https:\/\/kitabluemli.ch\/en\/wp-json\/wp\/v2\/posts"}],"about":[{"href":"https:\/\/kitabluemli.ch\/en\/wp-json\/wp\/v2\/types\/post"}],"author":[{"embeddable":true,"href":"https:\/\/kitabluemli.ch\/en\/wp-json\/wp\/v2\/users\/2"}],"replies":[{"embeddable":true,"href":"https:\/\/kitabluemli.ch\/en\/wp-json\/wp\/v2\/comments?post=8824"}],"version-history":[{"count":0,"href":"https:\/\/kitabluemli.ch\/en\/wp-json\/wp\/v2\/posts\/8824\/revisions"}],"wp:featuredmedia":[{"embeddable":true,"href":"https:\/\/kitabluemli.ch\/en\/wp-json\/wp\/v2\/media\/8790"}],"wp:attachment":[{"href":"https:\/\/kitabluemli.ch\/en\/wp-json\/wp\/v2\/media?parent=8824"}],"wp:term":[{"taxonomy":"category","embeddable":true,"href":"https:\/\/kitabluemli.ch\/en\/wp-json\/wp\/v2\/categories?post=8824"},{"taxonomy":"post_tag","embeddable":true,"href":"https:\/\/kitabluemli.ch\/en\/wp-json\/wp\/v2\/tags?post=8824"}],"curies":[{"name":"wp","href":"https:\/\/api.w.org\/{rel}","templated":true}]}}