{"id":8826,"date":"2019-09-20T07:00:10","date_gmt":"2019-09-20T05:00:10","guid":{"rendered":"https:\/\/eager-austin.188-34-163-140.plesk.page\/?p=8826"},"modified":"2019-09-20T07:00:10","modified_gmt":"2019-09-20T05:00:10","slug":"s-bahn","status":"publish","type":"post","link":"https:\/\/kitabluemli.ch\/en\/s-bahn\/","title":{"rendered":"S-Bahn"},"content":{"rendered":"<div id='gallery-1' class='gallery galleryid-8826 gallery-columns-3 gallery-size-thumbnail'><figure class='gallery-item'>\n\t\t\t<div class='gallery-icon portrait'>\n\t\t\t\t<a href='https:\/\/kitabluemli.ch\/en\/s-bahn-01\/'><img decoding=\"async\" width=\"150\" height=\"150\" src=\"https:\/\/kitabluemli.ch\/wp-content\/uploads\/2020\/04\/s-bahn-01-150x150.jpg\" class=\"attachment-thumbnail size-thumbnail\" alt=\"\" title=\"\"><\/a>\n\t\t\t<\/div><\/figure>\n\t\t<\/div>\n\n<p>Wir fahren \u00f6fters S-Bahn w\u00e4hrend unsere Ausfl\u00fcge, leider hat es nicht immer Sitzpl\u00e4tze f\u00fcr all unsere Kinder dies ist f\u00fcr uns aber keine Behinderung.<\/p>","protected":false},"excerpt":{"rendered":"<p>Wir fahren \u00f6fters S-Bahn w\u00e4hrend unsere Ausfl\u00fcge, leider hat es nicht immer Sitzpl\u00e4tze f\u00fcr all unsere Kinder dies ist f\u00fcr uns aber keine Behinderung.<\/p>","protected":false},"author":2,"featured_media":8800,"comment_status":"closed","ping_status":"closed","sticky":false,"template":"","format":"gallery","meta":{"footnotes":""},"categories":[519],"tags":[],"class_list":["post-8826","post","type-post","status-publish","format-gallery","has-post-thumbnail","hentry","category-kinderkrippe-blog","post_format-post-format-gallery"],"_links":{"self":[{"href":"https:\/\/kitabluemli.ch\/en\/wp-json\/wp\/v2\/posts\/8826","targetHints":{"allow":["GET"]}}],"collection":[{"href":"https:\/\/kitabluemli.ch\/en\/wp-json\/wp\/v2\/posts"}],"about":[{"href":"https:\/\/kitabluemli.ch\/en\/wp-json\/wp\/v2\/types\/post"}],"author":[{"embeddable":true,"href":"https:\/\/kitabluemli.ch\/en\/wp-json\/wp\/v2\/users\/2"}],"replies":[{"embeddable":true,"href":"https:\/\/kitabluemli.ch\/en\/wp-json\/wp\/v2\/comments?post=8826"}],"version-history":[{"count":0,"href":"https:\/\/kitabluemli.ch\/en\/wp-json\/wp\/v2\/posts\/8826\/revisions"}],"wp:featuredmedia":[{"embeddable":true,"href":"https:\/\/kitabluemli.ch\/en\/wp-json\/wp\/v2\/media\/8800"}],"wp:attachment":[{"href":"https:\/\/kitabluemli.ch\/en\/wp-json\/wp\/v2\/media?parent=8826"}],"wp:term":[{"taxonomy":"category","embeddable":true,"href":"https:\/\/kitabluemli.ch\/en\/wp-json\/wp\/v2\/categories?post=8826"},{"taxonomy":"post_tag","embeddable":true,"href":"https:\/\/kitabluemli.ch\/en\/wp-json\/wp\/v2\/tags?post=8826"}],"curies":[{"name":"wp","href":"https:\/\/api.w.org\/{rel}","templated":true}]}}