{"id":8951,"date":"2019-10-31T07:00:55","date_gmt":"2019-10-31T06:00:55","guid":{"rendered":"https:\/\/eager-austin.188-34-163-140.plesk.page\/?p=8951"},"modified":"2019-10-31T07:00:55","modified_gmt":"2019-10-31T06:00:55","slug":"halloween-2019","status":"publish","type":"post","link":"https:\/\/kitabluemli.ch\/en\/halloween-2019\/","title":{"rendered":"Halloween 2019"},"content":{"rendered":"<p>Wir w\u00fcnschen allen Familien eine sch\u00f6nen Halloween Tag.<\/p>\n<p>Andrea und das KiTa Bl\u00fcemli Team<\/p>","protected":false},"excerpt":{"rendered":"<p>Wir w\u00fcnschen allen Familien eine sch\u00f6nen Halloween Tag. Andrea und das KiTa Bl\u00fcemli Team<\/p>","protected":false},"author":2,"featured_media":8950,"comment_status":"closed","ping_status":"closed","sticky":false,"template":"","format":"standard","meta":{"footnotes":""},"categories":[1,519,520],"tags":[],"class_list":["post-8951","post","type-post","status-publish","format-standard","has-post-thumbnail","hentry","category-allgemein-blog","category-kinderkrippe-blog","category-waldkinderkrippe-blog"],"_links":{"self":[{"href":"https:\/\/kitabluemli.ch\/en\/wp-json\/wp\/v2\/posts\/8951","targetHints":{"allow":["GET"]}}],"collection":[{"href":"https:\/\/kitabluemli.ch\/en\/wp-json\/wp\/v2\/posts"}],"about":[{"href":"https:\/\/kitabluemli.ch\/en\/wp-json\/wp\/v2\/types\/post"}],"author":[{"embeddable":true,"href":"https:\/\/kitabluemli.ch\/en\/wp-json\/wp\/v2\/users\/2"}],"replies":[{"embeddable":true,"href":"https:\/\/kitabluemli.ch\/en\/wp-json\/wp\/v2\/comments?post=8951"}],"version-history":[{"count":0,"href":"https:\/\/kitabluemli.ch\/en\/wp-json\/wp\/v2\/posts\/8951\/revisions"}],"wp:featuredmedia":[{"embeddable":true,"href":"https:\/\/kitabluemli.ch\/en\/wp-json\/wp\/v2\/media\/8950"}],"wp:attachment":[{"href":"https:\/\/kitabluemli.ch\/en\/wp-json\/wp\/v2\/media?parent=8951"}],"wp:term":[{"taxonomy":"category","embeddable":true,"href":"https:\/\/kitabluemli.ch\/en\/wp-json\/wp\/v2\/categories?post=8951"},{"taxonomy":"post_tag","embeddable":true,"href":"https:\/\/kitabluemli.ch\/en\/wp-json\/wp\/v2\/tags?post=8951"}],"curies":[{"name":"wp","href":"https:\/\/api.w.org\/{rel}","templated":true}]}}