{"id":8956,"date":"2019-10-30T07:00:26","date_gmt":"2019-10-30T06:00:26","guid":{"rendered":"https:\/\/eager-austin.188-34-163-140.plesk.page\/?p=8956"},"modified":"2019-10-30T07:00:26","modified_gmt":"2019-10-30T06:00:26","slug":"was-ist-maroni","status":"publish","type":"post","link":"https:\/\/kitabluemli.ch\/en\/was-ist-maroni\/","title":{"rendered":"Was ist Maroni?"},"content":{"rendered":"<div id='gallery-1' class='gallery galleryid-8956 gallery-columns-3 gallery-size-thumbnail'><figure class='gallery-item'>\n\t\t\t<div class='gallery-icon landscape'>\n\t\t\t\t<a href='https:\/\/kitabluemli.ch\/en\/was-ist-marroni-04\/'><img decoding=\"async\" width=\"150\" height=\"150\" src=\"https:\/\/kitabluemli.ch\/wp-content\/uploads\/2020\/04\/was-ist-marroni-04-150x150.jpg\" class=\"attachment-thumbnail size-thumbnail\" alt=\"\" title=\"\"><\/a>\n\t\t\t<\/div><\/figure><figure class='gallery-item'>\n\t\t\t<div class='gallery-icon landscape'>\n\t\t\t\t<a href='https:\/\/kitabluemli.ch\/en\/was-ist-maroni\/was-ist-marroni-03\/'><img decoding=\"async\" width=\"150\" height=\"150\" src=\"https:\/\/kitabluemli.ch\/wp-content\/uploads\/2020\/04\/was-ist-marroni-03-150x150.jpg\" class=\"attachment-thumbnail size-thumbnail\" alt=\"\" title=\"\"><\/a>\n\t\t\t<\/div><\/figure>\n\t\t<\/div>\n\n<p>Maroni! Die Edelkastanie, auch Esskastanie genannt, ist der einzige europ\u00e4ische Vertreter der Gattung Kastanien aus der Familie der Buchengew\u00e4chse. Die Edelkastanie ist ein sommergr\u00fcner Baum und bildet st\u00e4rkereiche Nussfr\u00fcchte. In S\u00fcd- und Westeuropa wird sie wegen dieser essbaren Fr\u00fcchte und als Holzlieferant angebaut. Quelle: <a href=\"https:\/\/de.wikipedia.org\/wiki\/Edelkastanie\" target=\"_blank\" rel=\"noopener\">Wikipedia<\/a><\/p>","protected":false},"excerpt":{"rendered":"<p>Maroni! Die Edelkastanie, auch Esskastanie genannt, ist der einzige europ\u00e4ische Vertreter der Gattung Kastanien aus der Familie der Buchengew\u00e4chse. Die Edelkastanie ist ein sommergr\u00fcner Baum und bildet st\u00e4rkereiche Nussfr\u00fcchte. In S\u00fcd- und Westeuropa wird sie wegen dieser essbaren Fr\u00fcchte und als Holzlieferant angebaut. Quelle: Wikipedia<\/p>","protected":false},"author":2,"featured_media":8949,"comment_status":"closed","ping_status":"closed","sticky":false,"template":"","format":"gallery","meta":{"footnotes":""},"categories":[520],"tags":[],"class_list":["post-8956","post","type-post","status-publish","format-gallery","has-post-thumbnail","hentry","category-waldkinderkrippe-blog","post_format-post-format-gallery"],"_links":{"self":[{"href":"https:\/\/kitabluemli.ch\/en\/wp-json\/wp\/v2\/posts\/8956","targetHints":{"allow":["GET"]}}],"collection":[{"href":"https:\/\/kitabluemli.ch\/en\/wp-json\/wp\/v2\/posts"}],"about":[{"href":"https:\/\/kitabluemli.ch\/en\/wp-json\/wp\/v2\/types\/post"}],"author":[{"embeddable":true,"href":"https:\/\/kitabluemli.ch\/en\/wp-json\/wp\/v2\/users\/2"}],"replies":[{"embeddable":true,"href":"https:\/\/kitabluemli.ch\/en\/wp-json\/wp\/v2\/comments?post=8956"}],"version-history":[{"count":0,"href":"https:\/\/kitabluemli.ch\/en\/wp-json\/wp\/v2\/posts\/8956\/revisions"}],"wp:featuredmedia":[{"embeddable":true,"href":"https:\/\/kitabluemli.ch\/en\/wp-json\/wp\/v2\/media\/8949"}],"wp:attachment":[{"href":"https:\/\/kitabluemli.ch\/en\/wp-json\/wp\/v2\/media?parent=8956"}],"wp:term":[{"taxonomy":"category","embeddable":true,"href":"https:\/\/kitabluemli.ch\/en\/wp-json\/wp\/v2\/categories?post=8956"},{"taxonomy":"post_tag","embeddable":true,"href":"https:\/\/kitabluemli.ch\/en\/wp-json\/wp\/v2\/tags?post=8956"}],"curies":[{"name":"wp","href":"https:\/\/api.w.org\/{rel}","templated":true}]}}