{"id":8959,"date":"2019-11-01T07:00:49","date_gmt":"2019-11-01T06:00:49","guid":{"rendered":"https:\/\/eager-austin.188-34-163-140.plesk.page\/?p=8959"},"modified":"2019-11-01T07:00:49","modified_gmt":"2019-11-01T06:00:49","slug":"herbstcollage-2","status":"publish","type":"post","link":"https:\/\/kitabluemli.ch\/en\/herbstcollage-2\/","title":{"rendered":"Herbstcollage"},"content":{"rendered":"<div id='gallery-1' class='gallery galleryid-8959 gallery-columns-3 gallery-size-thumbnail'><figure class='gallery-item'>\n\t\t\t<div class='gallery-icon portrait'>\n\t\t\t\t<a href='https:\/\/kitabluemli.ch\/en\/herbstcollage-03\/'><img decoding=\"async\" width=\"150\" height=\"150\" src=\"https:\/\/kitabluemli.ch\/wp-content\/uploads\/2020\/04\/herbstcollage-03-150x150.jpg\" class=\"attachment-thumbnail size-thumbnail\" alt=\"\" title=\"\"><\/a>\n\t\t\t<\/div><\/figure>\n\t\t<\/div>\n\n<p>Wir basteln viele bunte Herbstcollage in der KiTa. Gemeinsames Basteln f\u00f6rdert soziale Kompetenz und die F\u00e4higkeit zur Teamarbeit. Zielorientiertes Basteln, zusammen mit anderen Kindern, l\u00f6st lebensformende Prozesse aus, die in sp\u00e4teren Jahren schwer nachgeholt werden k\u00f6nnen.<\/p>","protected":false},"excerpt":{"rendered":"<p>Wir basteln viele bunte Herbstcollage in der KiTa. Gemeinsames Basteln f\u00f6rdert soziale Kompetenz und die F\u00e4higkeit zur Teamarbeit. Zielorientiertes Basteln, zusammen mit anderen Kindern, l\u00f6st lebensformende Prozesse aus, die in sp\u00e4teren Jahren schwer nachgeholt werden k\u00f6nnen.<\/p>","protected":false},"author":2,"featured_media":8945,"comment_status":"closed","ping_status":"closed","sticky":false,"template":"","format":"gallery","meta":{"footnotes":""},"categories":[519],"tags":[],"class_list":["post-8959","post","type-post","status-publish","format-gallery","has-post-thumbnail","hentry","category-kinderkrippe-blog","post_format-post-format-gallery"],"_links":{"self":[{"href":"https:\/\/kitabluemli.ch\/en\/wp-json\/wp\/v2\/posts\/8959","targetHints":{"allow":["GET"]}}],"collection":[{"href":"https:\/\/kitabluemli.ch\/en\/wp-json\/wp\/v2\/posts"}],"about":[{"href":"https:\/\/kitabluemli.ch\/en\/wp-json\/wp\/v2\/types\/post"}],"author":[{"embeddable":true,"href":"https:\/\/kitabluemli.ch\/en\/wp-json\/wp\/v2\/users\/2"}],"replies":[{"embeddable":true,"href":"https:\/\/kitabluemli.ch\/en\/wp-json\/wp\/v2\/comments?post=8959"}],"version-history":[{"count":0,"href":"https:\/\/kitabluemli.ch\/en\/wp-json\/wp\/v2\/posts\/8959\/revisions"}],"wp:featuredmedia":[{"embeddable":true,"href":"https:\/\/kitabluemli.ch\/en\/wp-json\/wp\/v2\/media\/8945"}],"wp:attachment":[{"href":"https:\/\/kitabluemli.ch\/en\/wp-json\/wp\/v2\/media?parent=8959"}],"wp:term":[{"taxonomy":"category","embeddable":true,"href":"https:\/\/kitabluemli.ch\/en\/wp-json\/wp\/v2\/categories?post=8959"},{"taxonomy":"post_tag","embeddable":true,"href":"https:\/\/kitabluemli.ch\/en\/wp-json\/wp\/v2\/tags?post=8959"}],"curies":[{"name":"wp","href":"https:\/\/api.w.org\/{rel}","templated":true}]}}