{"id":9005,"date":"2019-11-13T07:00:51","date_gmt":"2019-11-13T06:00:51","guid":{"rendered":"https:\/\/eager-austin.188-34-163-140.plesk.page\/?p=9005"},"modified":"2019-11-13T07:00:51","modified_gmt":"2019-11-13T06:00:51","slug":"bastelzeit-3","status":"publish","type":"post","link":"https:\/\/kitabluemli.ch\/en\/bastelzeit-3\/","title":{"rendered":"Bastelzeit"},"content":{"rendered":"<div id='gallery-1' class='gallery galleryid-9005 gallery-columns-3 gallery-size-thumbnail'><figure class='gallery-item'>\n\t\t\t<div class='gallery-icon portrait'>\n\t\t\t\t<a href='https:\/\/kitabluemli.ch\/en\/bastelzeit-02-2\/'><img decoding=\"async\" width=\"150\" height=\"150\" src=\"https:\/\/kitabluemli.ch\/wp-content\/uploads\/2020\/04\/bastelzeit-02-150x150.jpg\" class=\"attachment-thumbnail size-thumbnail\" alt=\"\" title=\"\"><\/a>\n\t\t\t<\/div><\/figure>\n\t\t<\/div>\n\n<p>Bastelzeit! Schneiden, ausmalen, kleben\u2026 Grunds\u00e4tzlich verf\u00fcgen Kinder nicht nur \u00fcber einen grossen Schatz an Kreativit\u00e4t, sondern haben auch durch ihre Offenheit, Neugier und Spontanit\u00e4t die besten Voraussetzungen zur Entfaltung dieser F\u00e4higkeit. Deswegen sollten sie m\u00f6glichst fr\u00fch in der Entwicklung ihrer Kreativit\u00e4t unterst\u00fctzt und gef\u00f6rdert werden. Aus kunsttherapeutischer Sicht wird den Kindern durch das Malen Selbstvertrauen gegeben. Sie \u00f6ffnen sich ihrer Mit- und Umwelt, haben Freude am Malprozess und k\u00f6nnen ihren Gef\u00fchlen auf ganz eigene Weise besonders Ausdruck verleihen.<\/p>","protected":false},"excerpt":{"rendered":"<p>Bastelzeit! Schneiden, ausmalen, kleben\u2026 Grunds\u00e4tzlich verf\u00fcgen Kinder nicht nur \u00fcber einen grossen Schatz an Kreativit\u00e4t, sondern haben auch durch ihre Offenheit, Neugier und Spontanit\u00e4t die besten Voraussetzungen zur Entfaltung dieser F\u00e4higkeit. Deswegen sollten sie m\u00f6glichst fr\u00fch in der Entwicklung ihrer Kreativit\u00e4t unterst\u00fctzt und gef\u00f6rdert werden. Aus kunsttherapeutischer Sicht wird den Kindern durch das Malen Selbstvertrauen [&hellip;]<\/p>\n","protected":false},"author":2,"featured_media":8936,"comment_status":"closed","ping_status":"closed","sticky":false,"template":"","format":"gallery","meta":{"footnotes":""},"categories":[519],"tags":[],"class_list":["post-9005","post","type-post","status-publish","format-gallery","has-post-thumbnail","hentry","category-kinderkrippe-blog","post_format-post-format-gallery"],"_links":{"self":[{"href":"https:\/\/kitabluemli.ch\/en\/wp-json\/wp\/v2\/posts\/9005","targetHints":{"allow":["GET"]}}],"collection":[{"href":"https:\/\/kitabluemli.ch\/en\/wp-json\/wp\/v2\/posts"}],"about":[{"href":"https:\/\/kitabluemli.ch\/en\/wp-json\/wp\/v2\/types\/post"}],"author":[{"embeddable":true,"href":"https:\/\/kitabluemli.ch\/en\/wp-json\/wp\/v2\/users\/2"}],"replies":[{"embeddable":true,"href":"https:\/\/kitabluemli.ch\/en\/wp-json\/wp\/v2\/comments?post=9005"}],"version-history":[{"count":0,"href":"https:\/\/kitabluemli.ch\/en\/wp-json\/wp\/v2\/posts\/9005\/revisions"}],"wp:featuredmedia":[{"embeddable":true,"href":"https:\/\/kitabluemli.ch\/en\/wp-json\/wp\/v2\/media\/8936"}],"wp:attachment":[{"href":"https:\/\/kitabluemli.ch\/en\/wp-json\/wp\/v2\/media?parent=9005"}],"wp:term":[{"taxonomy":"category","embeddable":true,"href":"https:\/\/kitabluemli.ch\/en\/wp-json\/wp\/v2\/categories?post=9005"},{"taxonomy":"post_tag","embeddable":true,"href":"https:\/\/kitabluemli.ch\/en\/wp-json\/wp\/v2\/tags?post=9005"}],"curies":[{"name":"wp","href":"https:\/\/api.w.org\/{rel}","templated":true}]}}