{"id":9069,"date":"2019-12-01T07:00:12","date_gmt":"2019-12-01T06:00:12","guid":{"rendered":"https:\/\/eager-austin.188-34-163-140.plesk.page\/?p=9069"},"modified":"2024-12-24T17:05:53","modified_gmt":"2024-12-24T16:05:53","slug":"1-advent-2019","status":"publish","type":"post","link":"https:\/\/kitabluemli.ch\/en\/1-advent-2019\/","title":{"rendered":"1. Advent 2019"},"content":{"rendered":"<p>1. Advent 2019. Die Adventszeit l\u00e4dt ein zu mehr Besinnlichkeit und zur Vorfreude auf das bevorstehendes Weihnachtsfest.<\/p>\n<p>Ich w\u00fcnschen all unseren Kindern, Eltern und Mitarbeitern eine sch\u00f6ne Adventszeit mit vielen wunderbaren Momenten!<br \/>\nAndrea KiTa Bl\u00fcemli<\/p>","protected":false},"excerpt":{"rendered":"<p>1. Advent 2019. Die Adventszeit l\u00e4dt ein zu mehr Besinnlichkeit und zur Vorfreude auf das bevorstehendes Weihnachtsfest. Ich w\u00fcnschen all unseren Kindern, Eltern und Mitarbeitern eine sch\u00f6ne Adventszeit mit vielen wunderbaren Momenten! Andrea KiTa Bl\u00fcemli<\/p>","protected":false},"author":2,"featured_media":9070,"comment_status":"closed","ping_status":"closed","sticky":false,"template":"","format":"standard","meta":{"footnotes":""},"categories":[1,519,520],"tags":[],"class_list":["post-9069","post","type-post","status-publish","format-standard","has-post-thumbnail","hentry","category-allgemein-blog","category-kinderkrippe-blog","category-waldkinderkrippe-blog"],"_links":{"self":[{"href":"https:\/\/kitabluemli.ch\/en\/wp-json\/wp\/v2\/posts\/9069","targetHints":{"allow":["GET"]}}],"collection":[{"href":"https:\/\/kitabluemli.ch\/en\/wp-json\/wp\/v2\/posts"}],"about":[{"href":"https:\/\/kitabluemli.ch\/en\/wp-json\/wp\/v2\/types\/post"}],"author":[{"embeddable":true,"href":"https:\/\/kitabluemli.ch\/en\/wp-json\/wp\/v2\/users\/2"}],"replies":[{"embeddable":true,"href":"https:\/\/kitabluemli.ch\/en\/wp-json\/wp\/v2\/comments?post=9069"}],"version-history":[{"count":0,"href":"https:\/\/kitabluemli.ch\/en\/wp-json\/wp\/v2\/posts\/9069\/revisions"}],"wp:featuredmedia":[{"embeddable":true,"href":"https:\/\/kitabluemli.ch\/en\/wp-json\/wp\/v2\/media\/9070"}],"wp:attachment":[{"href":"https:\/\/kitabluemli.ch\/en\/wp-json\/wp\/v2\/media?parent=9069"}],"wp:term":[{"taxonomy":"category","embeddable":true,"href":"https:\/\/kitabluemli.ch\/en\/wp-json\/wp\/v2\/categories?post=9069"},{"taxonomy":"post_tag","embeddable":true,"href":"https:\/\/kitabluemli.ch\/en\/wp-json\/wp\/v2\/tags?post=9069"}],"curies":[{"name":"wp","href":"https:\/\/api.w.org\/{rel}","templated":true}]}}