{"id":9094,"date":"2019-12-08T07:00:34","date_gmt":"2019-12-08T06:00:34","guid":{"rendered":"https:\/\/eager-austin.188-34-163-140.plesk.page\/?p=9094"},"modified":"2019-12-08T07:00:34","modified_gmt":"2019-12-08T06:00:34","slug":"2-advent-2019","status":"publish","type":"post","link":"https:\/\/kitabluemli.ch\/en\/2-advent-2019\/","title":{"rendered":"2. Advent 2019"},"content":{"rendered":"<p>Wir w\u00fcnschen all unseren Kinder und Eltern eine sch\u00f6nen 2. Advent mit vielen besinnlichen Momenten. Andrea KiTa Bl\u00fcemli<\/p>","protected":false},"excerpt":{"rendered":"<p>Wir w\u00fcnschen all unseren Kinder und Eltern eine sch\u00f6nen 2. Advent mit vielen besinnlichen Momenten. Andrea KiTa Bl\u00fcemli<\/p>","protected":false},"author":2,"featured_media":9095,"comment_status":"closed","ping_status":"closed","sticky":false,"template":"","format":"standard","meta":{"footnotes":""},"categories":[1,519,520],"tags":[],"class_list":["post-9094","post","type-post","status-publish","format-standard","has-post-thumbnail","hentry","category-allgemein-blog","category-kinderkrippe-blog","category-waldkinderkrippe-blog"],"_links":{"self":[{"href":"https:\/\/kitabluemli.ch\/en\/wp-json\/wp\/v2\/posts\/9094","targetHints":{"allow":["GET"]}}],"collection":[{"href":"https:\/\/kitabluemli.ch\/en\/wp-json\/wp\/v2\/posts"}],"about":[{"href":"https:\/\/kitabluemli.ch\/en\/wp-json\/wp\/v2\/types\/post"}],"author":[{"embeddable":true,"href":"https:\/\/kitabluemli.ch\/en\/wp-json\/wp\/v2\/users\/2"}],"replies":[{"embeddable":true,"href":"https:\/\/kitabluemli.ch\/en\/wp-json\/wp\/v2\/comments?post=9094"}],"version-history":[{"count":0,"href":"https:\/\/kitabluemli.ch\/en\/wp-json\/wp\/v2\/posts\/9094\/revisions"}],"wp:featuredmedia":[{"embeddable":true,"href":"https:\/\/kitabluemli.ch\/en\/wp-json\/wp\/v2\/media\/9095"}],"wp:attachment":[{"href":"https:\/\/kitabluemli.ch\/en\/wp-json\/wp\/v2\/media?parent=9094"}],"wp:term":[{"taxonomy":"category","embeddable":true,"href":"https:\/\/kitabluemli.ch\/en\/wp-json\/wp\/v2\/categories?post=9094"},{"taxonomy":"post_tag","embeddable":true,"href":"https:\/\/kitabluemli.ch\/en\/wp-json\/wp\/v2\/tags?post=9094"}],"curies":[{"name":"wp","href":"https:\/\/api.w.org\/{rel}","templated":true}]}}