{"id":9097,"date":"2019-12-06T07:00:43","date_gmt":"2019-12-06T06:00:43","guid":{"rendered":"https:\/\/eager-austin.188-34-163-140.plesk.page\/?p=9097"},"modified":"2019-12-06T07:00:43","modified_gmt":"2019-12-06T06:00:43","slug":"samichlaus-2019","status":"publish","type":"post","link":"https:\/\/kitabluemli.ch\/en\/samichlaus-2019\/","title":{"rendered":"Samichlaus 2019"},"content":{"rendered":"<p>S&#8217;isch Chlausetag, s&#8217;isch Chlausetag wie freu ich mich, juhee! Ich han de Chlaus vo wiitem scho durs Stubefeischter gseh.<br \/>\nDoch woni jetz die schwere Schritt gh\u00f6re vor de T\u00fcr, schloht mis H\u00e4rzli grad wie wild, ich chan au n\u00fct def\u00fcr.<\/p>\n<p>Mit eme sch\u00fc\u00fcche Stimmli s\u00e4g ich mis Spr\u00fcchli uuf und vor luuter P\u00f6pperle fehlt mir fascht de Schnuuf.<br \/>\nDo leert de gueti Samichlaus sin Sack us uf de Bode. Jetzt loht de Schrecke no, ich cha mich wieder rode.<\/p>","protected":false},"excerpt":{"rendered":"<p>S&#8217;isch Chlausetag, s&#8217;isch Chlausetag wie freu ich mich, juhee! Ich han de Chlaus vo wiitem scho durs Stubefeischter gseh. Doch woni jetz die schwere Schritt gh\u00f6re vor de T\u00fcr, schloht mis H\u00e4rzli grad wie wild, ich chan au n\u00fct def\u00fcr. Mit eme sch\u00fc\u00fcche Stimmli s\u00e4g ich mis Spr\u00fcchli uuf und vor luuter P\u00f6pperle fehlt mir [&hellip;]<\/p>\n","protected":false},"author":2,"featured_media":9098,"comment_status":"closed","ping_status":"closed","sticky":false,"template":"","format":"standard","meta":{"footnotes":""},"categories":[1,519,520],"tags":[],"class_list":["post-9097","post","type-post","status-publish","format-standard","has-post-thumbnail","hentry","category-allgemein-blog","category-kinderkrippe-blog","category-waldkinderkrippe-blog"],"_links":{"self":[{"href":"https:\/\/kitabluemli.ch\/en\/wp-json\/wp\/v2\/posts\/9097","targetHints":{"allow":["GET"]}}],"collection":[{"href":"https:\/\/kitabluemli.ch\/en\/wp-json\/wp\/v2\/posts"}],"about":[{"href":"https:\/\/kitabluemli.ch\/en\/wp-json\/wp\/v2\/types\/post"}],"author":[{"embeddable":true,"href":"https:\/\/kitabluemli.ch\/en\/wp-json\/wp\/v2\/users\/2"}],"replies":[{"embeddable":true,"href":"https:\/\/kitabluemli.ch\/en\/wp-json\/wp\/v2\/comments?post=9097"}],"version-history":[{"count":0,"href":"https:\/\/kitabluemli.ch\/en\/wp-json\/wp\/v2\/posts\/9097\/revisions"}],"wp:featuredmedia":[{"embeddable":true,"href":"https:\/\/kitabluemli.ch\/en\/wp-json\/wp\/v2\/media\/9098"}],"wp:attachment":[{"href":"https:\/\/kitabluemli.ch\/en\/wp-json\/wp\/v2\/media?parent=9097"}],"wp:term":[{"taxonomy":"category","embeddable":true,"href":"https:\/\/kitabluemli.ch\/en\/wp-json\/wp\/v2\/categories?post=9097"},{"taxonomy":"post_tag","embeddable":true,"href":"https:\/\/kitabluemli.ch\/en\/wp-json\/wp\/v2\/tags?post=9097"}],"curies":[{"name":"wp","href":"https:\/\/api.w.org\/{rel}","templated":true}]}}