{"id":9158,"date":"2019-12-14T07:00:47","date_gmt":"2019-12-14T06:00:47","guid":{"rendered":"https:\/\/eager-austin.188-34-163-140.plesk.page\/?p=9158"},"modified":"2019-12-14T07:00:47","modified_gmt":"2019-12-14T06:00:47","slug":"samichlaus-in-der-kita","status":"publish","type":"post","link":"https:\/\/kitabluemli.ch\/en\/samichlaus-in-der-kita\/","title":{"rendered":"Samichlaus in der KiTa"},"content":{"rendered":"<div id='gallery-1' class='gallery galleryid-9158 gallery-columns-3 gallery-size-thumbnail'><figure class='gallery-item'>\n\t\t\t<div class='gallery-icon landscape'>\n\t\t\t\t<a href='https:\/\/kitabluemli.ch\/en\/samichlaus-in-der-kita\/samichlaus-in-der-kita-06\/'><img decoding=\"async\" width=\"150\" height=\"150\" src=\"https:\/\/kitabluemli.ch\/wp-content\/uploads\/2020\/04\/samichlaus-in-der-kita-06-150x150.jpg\" class=\"attachment-thumbnail size-thumbnail\" alt=\"\" title=\"\"><\/a>\n\t\t\t<\/div><\/figure><figure class='gallery-item'>\n\t\t\t<div class='gallery-icon landscape'>\n\t\t\t\t<a href='https:\/\/kitabluemli.ch\/en\/samichlaus-in-der-kita\/samichlaus-in-der-kita-01\/'><img decoding=\"async\" width=\"150\" height=\"150\" src=\"https:\/\/kitabluemli.ch\/wp-content\/uploads\/2020\/04\/samichlaus-in-der-kita-01-150x150.jpg\" class=\"attachment-thumbnail size-thumbnail\" alt=\"\" title=\"\"><\/a>\n\t\t\t<\/div><\/figure><figure class='gallery-item'>\n\t\t\t<div class='gallery-icon landscape'>\n\t\t\t\t<a href='https:\/\/kitabluemli.ch\/en\/samichlaus-in-der-kita\/samichlaus-in-der-kita-03\/'><img decoding=\"async\" width=\"150\" height=\"150\" src=\"https:\/\/kitabluemli.ch\/wp-content\/uploads\/2020\/04\/samichlaus-in-der-kita-03-150x150.jpg\" class=\"attachment-thumbnail size-thumbnail\" alt=\"\" title=\"\"><\/a>\n\t\t\t<\/div><\/figure><figure class='gallery-item'>\n\t\t\t<div class='gallery-icon landscape'>\n\t\t\t\t<a href='https:\/\/kitabluemli.ch\/en\/samichlaus-in-der-kita\/samichlaus-in-der-kita-07\/'><img loading=\"lazy\" decoding=\"async\" width=\"150\" height=\"150\" src=\"https:\/\/kitabluemli.ch\/wp-content\/uploads\/2020\/04\/samichlaus-in-der-kita-07-150x150.jpg\" class=\"attachment-thumbnail size-thumbnail\" alt=\"\" title=\"\"><\/a>\n\t\t\t<\/div><\/figure><figure class='gallery-item'>\n\t\t\t<div class='gallery-icon landscape'>\n\t\t\t\t<a href='https:\/\/kitabluemli.ch\/en\/samichlaus-in-der-kita\/samichlaus-in-der-kita-02\/'><img loading=\"lazy\" decoding=\"async\" width=\"150\" height=\"150\" src=\"https:\/\/kitabluemli.ch\/wp-content\/uploads\/2020\/04\/samichlaus-in-der-kita-02-150x150.jpg\" class=\"attachment-thumbnail size-thumbnail\" alt=\"\" title=\"\"><\/a>\n\t\t\t<\/div><\/figure><figure class='gallery-item'>\n\t\t\t<div class='gallery-icon landscape'>\n\t\t\t\t<a href='https:\/\/kitabluemli.ch\/en\/samichlaus-in-der-kita\/samichlaus-in-der-kita-04\/'><img loading=\"lazy\" decoding=\"async\" width=\"150\" height=\"150\" src=\"https:\/\/kitabluemli.ch\/wp-content\/uploads\/2020\/04\/samichlaus-in-der-kita-04-150x150.jpg\" class=\"attachment-thumbnail size-thumbnail\" alt=\"\" title=\"\"><\/a>\n\t\t\t<\/div><\/figure><figure class='gallery-item'>\n\t\t\t<div class='gallery-icon portrait'>\n\t\t\t\t<a href='https:\/\/kitabluemli.ch\/en\/samichlaus-in-der-kita\/samichlaus-in-der-kita-05\/'><img loading=\"lazy\" decoding=\"async\" width=\"150\" height=\"150\" src=\"https:\/\/kitabluemli.ch\/wp-content\/uploads\/2020\/04\/samichlaus-in-der-kita-05-150x150.jpg\" class=\"attachment-thumbnail size-thumbnail\" alt=\"\" title=\"\"><\/a>\n\t\t\t<\/div><\/figure>\n\t\t<\/div>\n\n<p>Letzte Woche am Freitag war es endlich\u00a0 soweit! Was f\u00fcr eine Freude, als der Samichlaus mit dem Schmutzli endlich in unsere KiTa ankam. Alle Kinder versammelten sich gespannt in einem grossen Halbreis und begr\u00fcssten den lang erwarteten Besuch.<\/p>\n<p>Die Kinder sangen Lieder und\u00a0 rezitierten Versli f\u00fcr der Chlaus. Das grosse Buch hatte der Samichlaus auch dabei. Darin standen viele sch\u00f6ne und gute Sachen \u00fcber die Kinder, aber auch manches, was sie noch besser machen k\u00f6nnten.<\/p>\n<p>Zum Schluss erhielt jedes Kind einen grossen Sack mit viele leckeren Sachen.<\/p>\n<p>Ein besonderes Dank geht an alle Eltern und Verwandte es war eine Freude diesen besonderen Abend mit Ihnen und Ihre Kinder verbringen zu d\u00fcrfen.<\/p>","protected":false},"excerpt":{"rendered":"<p>Letzte Woche am Freitag war es endlich\u00a0 soweit! Was f\u00fcr eine Freude, als der Samichlaus mit dem Schmutzli endlich in unsere KiTa ankam. Alle Kinder versammelten sich gespannt in einem grossen Halbreis und begr\u00fcssten den lang erwarteten Besuch. Die Kinder sangen Lieder und\u00a0 rezitierten Versli f\u00fcr der Chlaus. Das grosse Buch hatte der Samichlaus auch [&hellip;]<\/p>\n","protected":false},"author":2,"featured_media":9169,"comment_status":"closed","ping_status":"closed","sticky":false,"template":"","format":"gallery","meta":{"footnotes":""},"categories":[1,519,520],"tags":[],"class_list":["post-9158","post","type-post","status-publish","format-gallery","has-post-thumbnail","hentry","category-allgemein-blog","category-kinderkrippe-blog","category-waldkinderkrippe-blog","post_format-post-format-gallery"],"_links":{"self":[{"href":"https:\/\/kitabluemli.ch\/en\/wp-json\/wp\/v2\/posts\/9158","targetHints":{"allow":["GET"]}}],"collection":[{"href":"https:\/\/kitabluemli.ch\/en\/wp-json\/wp\/v2\/posts"}],"about":[{"href":"https:\/\/kitabluemli.ch\/en\/wp-json\/wp\/v2\/types\/post"}],"author":[{"embeddable":true,"href":"https:\/\/kitabluemli.ch\/en\/wp-json\/wp\/v2\/users\/2"}],"replies":[{"embeddable":true,"href":"https:\/\/kitabluemli.ch\/en\/wp-json\/wp\/v2\/comments?post=9158"}],"version-history":[{"count":0,"href":"https:\/\/kitabluemli.ch\/en\/wp-json\/wp\/v2\/posts\/9158\/revisions"}],"wp:featuredmedia":[{"embeddable":true,"href":"https:\/\/kitabluemli.ch\/en\/wp-json\/wp\/v2\/media\/9169"}],"wp:attachment":[{"href":"https:\/\/kitabluemli.ch\/en\/wp-json\/wp\/v2\/media?parent=9158"}],"wp:term":[{"taxonomy":"category","embeddable":true,"href":"https:\/\/kitabluemli.ch\/en\/wp-json\/wp\/v2\/categories?post=9158"},{"taxonomy":"post_tag","embeddable":true,"href":"https:\/\/kitabluemli.ch\/en\/wp-json\/wp\/v2\/tags?post=9158"}],"curies":[{"name":"wp","href":"https:\/\/api.w.org\/{rel}","templated":true}]}}