{"id":9251,"date":"2019-12-25T07:00:07","date_gmt":"2019-12-25T06:00:07","guid":{"rendered":"https:\/\/eager-austin.188-34-163-140.plesk.page\/?p=9251"},"modified":"2019-12-25T07:00:07","modified_gmt":"2019-12-25T06:00:07","slug":"weihnachten-2019","status":"publish","type":"post","link":"https:\/\/kitabluemli.ch\/en\/weihnachten-2019\/","title":{"rendered":"Weihnachten 2019"},"content":{"rendered":"<p>Wir w\u00fcnschen Frohe Weihnachten und sch\u00f6ne Festtage.<\/p>\n<p>Andrea KiTa Bl\u00fcemli<\/p>","protected":false},"excerpt":{"rendered":"<p>Wir w\u00fcnschen Frohe Weihnachten und sch\u00f6ne Festtage. Andrea KiTa Bl\u00fcemli<\/p>","protected":false},"author":2,"featured_media":9228,"comment_status":"closed","ping_status":"closed","sticky":false,"template":"","format":"standard","meta":{"footnotes":""},"categories":[1,519,520],"tags":[],"class_list":["post-9251","post","type-post","status-publish","format-standard","has-post-thumbnail","hentry","category-allgemein-blog","category-kinderkrippe-blog","category-waldkinderkrippe-blog"],"_links":{"self":[{"href":"https:\/\/kitabluemli.ch\/en\/wp-json\/wp\/v2\/posts\/9251","targetHints":{"allow":["GET"]}}],"collection":[{"href":"https:\/\/kitabluemli.ch\/en\/wp-json\/wp\/v2\/posts"}],"about":[{"href":"https:\/\/kitabluemli.ch\/en\/wp-json\/wp\/v2\/types\/post"}],"author":[{"embeddable":true,"href":"https:\/\/kitabluemli.ch\/en\/wp-json\/wp\/v2\/users\/2"}],"replies":[{"embeddable":true,"href":"https:\/\/kitabluemli.ch\/en\/wp-json\/wp\/v2\/comments?post=9251"}],"version-history":[{"count":0,"href":"https:\/\/kitabluemli.ch\/en\/wp-json\/wp\/v2\/posts\/9251\/revisions"}],"wp:featuredmedia":[{"embeddable":true,"href":"https:\/\/kitabluemli.ch\/en\/wp-json\/wp\/v2\/media\/9228"}],"wp:attachment":[{"href":"https:\/\/kitabluemli.ch\/en\/wp-json\/wp\/v2\/media?parent=9251"}],"wp:term":[{"taxonomy":"category","embeddable":true,"href":"https:\/\/kitabluemli.ch\/en\/wp-json\/wp\/v2\/categories?post=9251"},{"taxonomy":"post_tag","embeddable":true,"href":"https:\/\/kitabluemli.ch\/en\/wp-json\/wp\/v2\/tags?post=9251"}],"curies":[{"name":"wp","href":"https:\/\/api.w.org\/{rel}","templated":true}]}}