{"id":9254,"date":"2019-12-31T07:00:26","date_gmt":"2019-12-31T06:00:26","guid":{"rendered":"https:\/\/eager-austin.188-34-163-140.plesk.page\/?p=9254"},"modified":"2019-12-31T07:00:26","modified_gmt":"2019-12-31T06:00:26","slug":"silvester-2019","status":"publish","type":"post","link":"https:\/\/kitabluemli.ch\/en\/silvester-2019\/","title":{"rendered":"Silvester 2019"},"content":{"rendered":"<p><span class=\"s1\">Liebe Eltern, ich m\u00f6chte die Gelegenheit ergreifen, um euch nochmals f\u00fcr Euer Vertrauen in uns zu danken. <\/span><\/p>\n<p><span class=\"s1\">Einmal mehr konnten wir gemeinsam ein sehr sch\u00f6nes Samichlausfest erleben. Die vielen wertsch\u00e4tzenden Worte und W\u00fcnsche von Euch freuen uns sehr.\u00a0 Allen, die dabei waren, danke ich, dass ihr den Kindern und uns mit eurem Besuch die Ehre erwiesen habt.<\/span><\/p>\n<p>Ich w\u00fcnsche allen einen tollen Silvesterabend und einen guten rutscht ins neue Jahr.<\/p>\n<p>Andrea KiTa Bl\u00fcemli<\/p>","protected":false},"excerpt":{"rendered":"<p>Liebe Eltern, ich m\u00f6chte die Gelegenheit ergreifen, um euch nochmals f\u00fcr Euer Vertrauen in uns zu danken. Einmal mehr konnten wir gemeinsam ein sehr sch\u00f6nes Samichlausfest erleben. Die vielen wertsch\u00e4tzenden Worte und W\u00fcnsche von Euch freuen uns sehr.\u00a0 Allen, die dabei waren, danke ich, dass ihr den Kindern und uns mit eurem Besuch die Ehre [&hellip;]<\/p>\n","protected":false},"author":2,"featured_media":9230,"comment_status":"closed","ping_status":"closed","sticky":false,"template":"","format":"standard","meta":{"footnotes":""},"categories":[1,519,520],"tags":[],"class_list":["post-9254","post","type-post","status-publish","format-standard","has-post-thumbnail","hentry","category-allgemein-blog","category-kinderkrippe-blog","category-waldkinderkrippe-blog"],"_links":{"self":[{"href":"https:\/\/kitabluemli.ch\/en\/wp-json\/wp\/v2\/posts\/9254","targetHints":{"allow":["GET"]}}],"collection":[{"href":"https:\/\/kitabluemli.ch\/en\/wp-json\/wp\/v2\/posts"}],"about":[{"href":"https:\/\/kitabluemli.ch\/en\/wp-json\/wp\/v2\/types\/post"}],"author":[{"embeddable":true,"href":"https:\/\/kitabluemli.ch\/en\/wp-json\/wp\/v2\/users\/2"}],"replies":[{"embeddable":true,"href":"https:\/\/kitabluemli.ch\/en\/wp-json\/wp\/v2\/comments?post=9254"}],"version-history":[{"count":0,"href":"https:\/\/kitabluemli.ch\/en\/wp-json\/wp\/v2\/posts\/9254\/revisions"}],"wp:featuredmedia":[{"embeddable":true,"href":"https:\/\/kitabluemli.ch\/en\/wp-json\/wp\/v2\/media\/9230"}],"wp:attachment":[{"href":"https:\/\/kitabluemli.ch\/en\/wp-json\/wp\/v2\/media?parent=9254"}],"wp:term":[{"taxonomy":"category","embeddable":true,"href":"https:\/\/kitabluemli.ch\/en\/wp-json\/wp\/v2\/categories?post=9254"},{"taxonomy":"post_tag","embeddable":true,"href":"https:\/\/kitabluemli.ch\/en\/wp-json\/wp\/v2\/tags?post=9254"}],"curies":[{"name":"wp","href":"https:\/\/api.w.org\/{rel}","templated":true}]}}