{"id":9258,"date":"2020-01-01T07:00:07","date_gmt":"2020-01-01T06:00:07","guid":{"rendered":"https:\/\/eager-austin.188-34-163-140.plesk.page\/?p=9258"},"modified":"2020-01-01T07:00:07","modified_gmt":"2020-01-01T06:00:07","slug":"neujahr-2020","status":"publish","type":"post","link":"https:\/\/kitabluemli.ch\/en\/neujahr-2020\/","title":{"rendered":"Neujahr 2020"},"content":{"rendered":"<p>Wir w\u00fcnschen allen ein gl\u00fcckliches, gesundes neues Jahr voller sch\u00f6ner Momente mit ganz viel W\u00e4rme, Frieden und Liebe im Herzen.<\/p>\n<p>Andrea KiTa Bl\u00fcemli<\/p>\n<p>&nbsp;<\/p>","protected":false},"excerpt":{"rendered":"<p>Wir w\u00fcnschen allen ein gl\u00fcckliches, gesundes neues Jahr voller sch\u00f6ner Momente mit ganz viel W\u00e4rme, Frieden und Liebe im Herzen. Andrea KiTa Bl\u00fcemli &nbsp;<\/p>","protected":false},"author":2,"featured_media":9231,"comment_status":"closed","ping_status":"closed","sticky":false,"template":"","format":"standard","meta":{"footnotes":""},"categories":[1,519,520],"tags":[],"class_list":["post-9258","post","type-post","status-publish","format-standard","has-post-thumbnail","hentry","category-allgemein-blog","category-kinderkrippe-blog","category-waldkinderkrippe-blog"],"_links":{"self":[{"href":"https:\/\/kitabluemli.ch\/en\/wp-json\/wp\/v2\/posts\/9258","targetHints":{"allow":["GET"]}}],"collection":[{"href":"https:\/\/kitabluemli.ch\/en\/wp-json\/wp\/v2\/posts"}],"about":[{"href":"https:\/\/kitabluemli.ch\/en\/wp-json\/wp\/v2\/types\/post"}],"author":[{"embeddable":true,"href":"https:\/\/kitabluemli.ch\/en\/wp-json\/wp\/v2\/users\/2"}],"replies":[{"embeddable":true,"href":"https:\/\/kitabluemli.ch\/en\/wp-json\/wp\/v2\/comments?post=9258"}],"version-history":[{"count":0,"href":"https:\/\/kitabluemli.ch\/en\/wp-json\/wp\/v2\/posts\/9258\/revisions"}],"wp:featuredmedia":[{"embeddable":true,"href":"https:\/\/kitabluemli.ch\/en\/wp-json\/wp\/v2\/media\/9231"}],"wp:attachment":[{"href":"https:\/\/kitabluemli.ch\/en\/wp-json\/wp\/v2\/media?parent=9258"}],"wp:term":[{"taxonomy":"category","embeddable":true,"href":"https:\/\/kitabluemli.ch\/en\/wp-json\/wp\/v2\/categories?post=9258"},{"taxonomy":"post_tag","embeddable":true,"href":"https:\/\/kitabluemli.ch\/en\/wp-json\/wp\/v2\/tags?post=9258"}],"curies":[{"name":"wp","href":"https:\/\/api.w.org\/{rel}","templated":true}]}}