{"id":9307,"date":"2020-01-06T07:00:12","date_gmt":"2020-01-06T06:00:12","guid":{"rendered":"https:\/\/eager-austin.188-34-163-140.plesk.page\/?p=9307"},"modified":"2020-01-06T07:00:12","modified_gmt":"2020-01-06T06:00:12","slug":"heiligen-drei-koenige","status":"publish","type":"post","link":"https:\/\/kitabluemli.ch\/en\/heiligen-drei-koenige\/","title":{"rendered":"Heiligen Drei K\u00f6nige"},"content":{"rendered":"<p>Heute ist Gedenktag der <a href=\"https:\/\/de.wikipedia.org\/wiki\/Heilige_Drei_K%C3%B6nige\" target=\"_blank\" rel=\"noopener\">Heiligen drei K\u00f6nige<\/a> Caspar, Melchior und Balthasar .<\/p>\n<p>Die Geschichte der Heiligen Drei K\u00f6nige hat ihren Ursprung vermutlich im Matth\u00e4us-Evangelium. Denn dort ist nachzulesen, dass Weise, Magier und Sterndeuter aus dem Morgenland kamen, um dem neugeborenen K\u00f6nig Ehre zu erweisen. \u00c4hnlich, wie die Hirten, waren sie dem am Himmel neu aufgegangenen, leuchtenden Stern gefolgt, der sie bis zum Krippenstall der Heiligen Familie brachte.<\/p>\n<p>Der 6. Januar gilt als der Tag, an dem die Heiligen Drei K\u00f6nige am Stall in Bethlehem angekommen sind. Es ist der Tag der offenbar gewordenen G\u00f6ttlichkeit von Jesus, der \u201eErscheinung des Herrn\u201c.<\/p>\n<p>Wir w\u00fcnschen allen einen sch\u00f6nen Dreik\u00f6nigstag.<\/p>\n<p>Andrea KiTa Bl\u00fcemli<\/p>","protected":false},"excerpt":{"rendered":"<p>Heute ist Gedenktag der Heiligen drei K\u00f6nige Caspar, Melchior und Balthasar . Die Geschichte der Heiligen Drei K\u00f6nige hat ihren Ursprung vermutlich im Matth\u00e4us-Evangelium. Denn dort ist nachzulesen, dass Weise, Magier und Sterndeuter aus dem Morgenland kamen, um dem neugeborenen K\u00f6nig Ehre zu erweisen. \u00c4hnlich, wie die Hirten, waren sie dem am Himmel neu aufgegangenen, [&hellip;]<\/p>\n","protected":false},"author":2,"featured_media":9308,"comment_status":"closed","ping_status":"closed","sticky":false,"template":"","format":"standard","meta":{"footnotes":""},"categories":[1],"tags":[],"class_list":["post-9307","post","type-post","status-publish","format-standard","has-post-thumbnail","hentry","category-allgemein-blog"],"_links":{"self":[{"href":"https:\/\/kitabluemli.ch\/en\/wp-json\/wp\/v2\/posts\/9307","targetHints":{"allow":["GET"]}}],"collection":[{"href":"https:\/\/kitabluemli.ch\/en\/wp-json\/wp\/v2\/posts"}],"about":[{"href":"https:\/\/kitabluemli.ch\/en\/wp-json\/wp\/v2\/types\/post"}],"author":[{"embeddable":true,"href":"https:\/\/kitabluemli.ch\/en\/wp-json\/wp\/v2\/users\/2"}],"replies":[{"embeddable":true,"href":"https:\/\/kitabluemli.ch\/en\/wp-json\/wp\/v2\/comments?post=9307"}],"version-history":[{"count":0,"href":"https:\/\/kitabluemli.ch\/en\/wp-json\/wp\/v2\/posts\/9307\/revisions"}],"wp:featuredmedia":[{"embeddable":true,"href":"https:\/\/kitabluemli.ch\/en\/wp-json\/wp\/v2\/media\/9308"}],"wp:attachment":[{"href":"https:\/\/kitabluemli.ch\/en\/wp-json\/wp\/v2\/media?parent=9307"}],"wp:term":[{"taxonomy":"category","embeddable":true,"href":"https:\/\/kitabluemli.ch\/en\/wp-json\/wp\/v2\/categories?post=9307"},{"taxonomy":"post_tag","embeddable":true,"href":"https:\/\/kitabluemli.ch\/en\/wp-json\/wp\/v2\/tags?post=9307"}],"curies":[{"name":"wp","href":"https:\/\/api.w.org\/{rel}","templated":true}]}}