{"id":9509,"date":"2020-03-15T14:52:05","date_gmt":"2020-03-15T13:52:05","guid":{"rendered":"https:\/\/eager-austin.188-34-163-140.plesk.page\/?p=9509"},"modified":"2020-03-15T14:52:05","modified_gmt":"2020-03-15T13:52:05","slug":"coronavirus-aktuelle-informationen","status":"publish","type":"post","link":"https:\/\/kitabluemli.ch\/en\/coronavirus-aktuelle-informationen\/","title":{"rendered":"Coronavirus aktuelle Informationen"},"content":{"rendered":"<p>Der Bundesrat und das Bundesamt f\u00fcr Gesundheit BAG haben am Freitag den 13. M\u00e4rz 2020 die Massnahmen im Zusammenhang mit dem Coronavirus weiter versch\u00e4rft.<\/p>\n<p>Dies betrifft auch die Schliessung aller \u00f6ffentlichen Schulen. Es gibt keine nationale Empfehlung f\u00fcr die Kinderkrippen. Die Vorgaben werden von jedem einzelnen Kanton festgelegt und k\u00f6nnen daher unterschiedlich sein. Der Bundesrat hat empfohlen, die familienerg\u00e4nzende Betreuung von Kindern weiterhin sicherzustellen, da berufst\u00e4tige Eltern, unter anderem solche, die im Gesundheitsbereich t\u00e4tig sind, auf ein funktionierendes Betreuungsangebot angewiesen sind der Kanton Z\u00fcrich folgt diese Empfehlung.<\/p>\n<p><strong>Unsere Kita und Waldkita sind normal ge\u00f6ffnet: Montag-Freitag von 07:00 bis 18:30<\/strong><\/p>\n<p><strong>Um die Ansteckungsgefahr sowie die Ausbreitung des Virus zu minimieren, bitten wir Sie, die vom BAG mitgeteilten Hygienemassnahmen und Verhaltensregeln strikt zu befolgen.<\/strong><\/p>\n<p><strong>Ausserdem bitten wir alle Eltern die Krippenr\u00e4ume nicht zu Betreten. Kontakt nur mit dem eigenen Kind und Distanz zu anderen Kindern und unser Betreuungspersonal wahren.<\/strong><\/p>\n<p><strong>Wichtig: Kinder und Mitarbeitende, die Krankheitssymptome haben, bleiben zu Hause.<\/strong><\/p>\n<p>Bei Fragen wenden Sie sich bitte an direkt an uns.<br \/>\nBei medizinischen oder allgemeinen Fragen kontaktieren Sie bitte die Website des BAG oder Ihren Hausarzt.<\/p>\n<p>Wichtige Links:<\/p>\n<ul>\n<li>Bundesamt f\u00fcr Gesundheit BAG<\/li>\n<li>Informationskampagne BAG: \u00abSo sch\u00fctzen wir uns\u00bb<\/li>\n<li>Kanton Z\u00fcrich &#8211; Coronavirus<\/li>\n<\/ul>\n<p>&nbsp;<\/p>\n<h3>So sch\u00fctzen wir uns<\/h3>\n<p><img fetchpriority=\"high\" decoding=\"async\" class=\"wp-image-9512 size-full aligncenter\" src=\"https:\/\/kitabluemli.ch\/wp-content\/uploads\/2020\/04\/coronavirus.jpg\" alt=\"coronavirus\" width=\"573\" height=\"810\" title=\"\" srcset=\"https:\/\/kitabluemli.ch\/wp-content\/uploads\/2020\/04\/coronavirus.jpg 573w, https:\/\/kitabluemli.ch\/wp-content\/uploads\/2020\/04\/coronavirus-212x300.jpg 212w\" sizes=\"(max-width: 573px) 100vw, 573px\" \/><\/p>","protected":false},"excerpt":{"rendered":"<p>Der Bundesrat und das Bundesamt f\u00fcr Gesundheit BAG haben am Freitag den 13. M\u00e4rz 2020 die Massnahmen im Zusammenhang mit dem Coronavirus weiter versch\u00e4rft. Dies betrifft auch die Schliessung aller \u00f6ffentlichen Schulen. Es gibt keine nationale Empfehlung f\u00fcr die Kinderkrippen. Die Vorgaben werden von jedem einzelnen Kanton festgelegt und k\u00f6nnen daher unterschiedlich sein. Der Bundesrat [&hellip;]<\/p>\n","protected":false},"author":2,"featured_media":9515,"comment_status":"closed","ping_status":"closed","sticky":false,"template":"","format":"standard","meta":{"footnotes":""},"categories":[1,519,520],"tags":[],"class_list":["post-9509","post","type-post","status-publish","format-standard","has-post-thumbnail","hentry","category-allgemein-blog","category-kinderkrippe-blog","category-waldkinderkrippe-blog"],"_links":{"self":[{"href":"https:\/\/kitabluemli.ch\/en\/wp-json\/wp\/v2\/posts\/9509","targetHints":{"allow":["GET"]}}],"collection":[{"href":"https:\/\/kitabluemli.ch\/en\/wp-json\/wp\/v2\/posts"}],"about":[{"href":"https:\/\/kitabluemli.ch\/en\/wp-json\/wp\/v2\/types\/post"}],"author":[{"embeddable":true,"href":"https:\/\/kitabluemli.ch\/en\/wp-json\/wp\/v2\/users\/2"}],"replies":[{"embeddable":true,"href":"https:\/\/kitabluemli.ch\/en\/wp-json\/wp\/v2\/comments?post=9509"}],"version-history":[{"count":0,"href":"https:\/\/kitabluemli.ch\/en\/wp-json\/wp\/v2\/posts\/9509\/revisions"}],"wp:featuredmedia":[{"embeddable":true,"href":"https:\/\/kitabluemli.ch\/en\/wp-json\/wp\/v2\/media\/9515"}],"wp:attachment":[{"href":"https:\/\/kitabluemli.ch\/en\/wp-json\/wp\/v2\/media?parent=9509"}],"wp:term":[{"taxonomy":"category","embeddable":true,"href":"https:\/\/kitabluemli.ch\/en\/wp-json\/wp\/v2\/categories?post=9509"},{"taxonomy":"post_tag","embeddable":true,"href":"https:\/\/kitabluemli.ch\/en\/wp-json\/wp\/v2\/tags?post=9509"}],"curies":[{"name":"wp","href":"https:\/\/api.w.org\/{rel}","templated":true}]}}