{"id":9540,"date":"2020-03-17T08:25:01","date_gmt":"2020-03-17T07:25:01","guid":{"rendered":"https:\/\/eager-austin.188-34-163-140.plesk.page\/?p=9540"},"modified":"2025-01-03T14:53:24","modified_gmt":"2025-01-03T13:53:24","slug":"coronavirus-bag-16-03-2020","status":"publish","type":"post","link":"https:\/\/kitabluemli.ch\/en\/coronavirus-bag-16-03-2020\/","title":{"rendered":"Coronavirus &#8211; BAG &#8211; 16.03.2020"},"content":{"rendered":"<p><a href=\"https:\/\/www.admin.ch\/gov\/de\/start\/dokumentation\/medienmitteilungen.msg-id-78454.html\" target=\"_blank\" rel=\"noopener\">Der Bundesrat<\/a> hat am Montag, 16. M\u00e4rz 2020, in einer ausserordentlichen Sitzung die Massnahmen zum Schutz der Bev\u00f6lkerung weiter versch\u00e4rft. Er stuft die Situation in der Schweiz neu als \u00ab<strong>ausserordentliche Lage<\/strong>\u00bb gem\u00e4ss Epidemiengesetz ein.<\/p>\n<p>Wir haben auch die Notwendigkeit, wie vom Bundesrat erw\u00e4hnt, eines \u00ab<strong>Betreuungsangebotes f\u00fcr Kinder sicherzustellen, welche nicht anders betreut werden k\u00f6nnen<\/strong>\u00bb zur Kenntnis genommen.<\/p>\n<p>Wir folgen die Weisungen des Bundesrat und werden, wo immer m\u00f6glich, die notwendigsten Dienstleistungen aufrechterhalten.<\/p>\n<p><strong>Unsere KiTa und Waldkita sind normal ge\u00f6ffnet<\/strong>. Wenn Sie Fragen haben, z\u00f6gern Sie nicht, sich an uns zu wenden.<\/p>\n<p>&nbsp;<\/p>\n<p>Wir erinnern Sie daran, dass es wichtig ist, die vom BAG mitgeteilten Hygienemassnahmen und Verhaltensregeln weiterhin zu befolgen, um Sie, Ihre Familie und Ihre Umgebung zu sch\u00fctzen.<\/p>\n<p><img fetchpriority=\"high\" decoding=\"async\" class=\"alignnone wp-image-9512 size-full\" src=\"https:\/\/kitabluemli.ch\/wp-content\/uploads\/2020\/04\/coronavirus.jpg\" alt=\"coronavirus\" width=\"573\" height=\"810\" title=\"\" srcset=\"https:\/\/kitabluemli.ch\/wp-content\/uploads\/2020\/04\/coronavirus.jpg 573w, https:\/\/kitabluemli.ch\/wp-content\/uploads\/2020\/04\/coronavirus-212x300.jpg 212w\" sizes=\"(max-width: 573px) 100vw, 573px\" \/><\/p>","protected":false},"excerpt":{"rendered":"<p>Der Bundesrat hat am Montag, 16. M\u00e4rz 2020, in einer ausserordentlichen Sitzung die Massnahmen zum Schutz der Bev\u00f6lkerung weiter versch\u00e4rft. Er stuft die Situation in der Schweiz neu als \u00abausserordentliche Lage\u00bb gem\u00e4ss Epidemiengesetz ein. Wir haben auch die Notwendigkeit, wie vom Bundesrat erw\u00e4hnt, eines \u00abBetreuungsangebotes f\u00fcr Kinder sicherzustellen, welche nicht anders betreut werden k\u00f6nnen\u00bb zur [&hellip;]<\/p>\n","protected":false},"author":2,"featured_media":9515,"comment_status":"closed","ping_status":"closed","sticky":false,"template":"","format":"standard","meta":{"footnotes":""},"categories":[1,519,520],"tags":[],"class_list":["post-9540","post","type-post","status-publish","format-standard","has-post-thumbnail","hentry","category-allgemein-blog","category-kinderkrippe-blog","category-waldkinderkrippe-blog"],"_links":{"self":[{"href":"https:\/\/kitabluemli.ch\/en\/wp-json\/wp\/v2\/posts\/9540","targetHints":{"allow":["GET"]}}],"collection":[{"href":"https:\/\/kitabluemli.ch\/en\/wp-json\/wp\/v2\/posts"}],"about":[{"href":"https:\/\/kitabluemli.ch\/en\/wp-json\/wp\/v2\/types\/post"}],"author":[{"embeddable":true,"href":"https:\/\/kitabluemli.ch\/en\/wp-json\/wp\/v2\/users\/2"}],"replies":[{"embeddable":true,"href":"https:\/\/kitabluemli.ch\/en\/wp-json\/wp\/v2\/comments?post=9540"}],"version-history":[{"count":0,"href":"https:\/\/kitabluemli.ch\/en\/wp-json\/wp\/v2\/posts\/9540\/revisions"}],"wp:featuredmedia":[{"embeddable":true,"href":"https:\/\/kitabluemli.ch\/en\/wp-json\/wp\/v2\/media\/9515"}],"wp:attachment":[{"href":"https:\/\/kitabluemli.ch\/en\/wp-json\/wp\/v2\/media?parent=9540"}],"wp:term":[{"taxonomy":"category","embeddable":true,"href":"https:\/\/kitabluemli.ch\/en\/wp-json\/wp\/v2\/categories?post=9540"},{"taxonomy":"post_tag","embeddable":true,"href":"https:\/\/kitabluemli.ch\/en\/wp-json\/wp\/v2\/tags?post=9540"}],"curies":[{"name":"wp","href":"https:\/\/api.w.org\/{rel}","templated":true}]}}