{"id":9613,"date":"2020-04-08T07:00:49","date_gmt":"2020-04-08T05:00:49","guid":{"rendered":"https:\/\/eager-austin.188-34-163-140.plesk.page\/?p=9613"},"modified":"2020-04-08T07:00:49","modified_gmt":"2020-04-08T05:00:49","slug":"erste-schritte","status":"publish","type":"post","link":"https:\/\/kitabluemli.ch\/en\/erste-schritte\/","title":{"rendered":"Erste Schritte!"},"content":{"rendered":"<div id='gallery-1' class='gallery galleryid-9613 gallery-columns-3 gallery-size-thumbnail'><figure class='gallery-item'>\n\t\t\t<div class='gallery-icon landscape'>\n\t\t\t\t<a href='https:\/\/kitabluemli.ch\/en\/kitabluemli-erste-schritte-02\/'><img decoding=\"async\" width=\"150\" height=\"150\" src=\"https:\/\/kitabluemli.ch\/wp-content\/uploads\/2020\/04\/kitabluemli-erste-schritte-02-150x150.jpg\" class=\"attachment-thumbnail size-thumbnail\" alt=\"kitabluemli - erste schritte\" title=\"\"><\/a>\n\t\t\t<\/div><\/figure>\n\t\t<\/div>\n\n<p>Die ersten Schritte! Manche Babys lernen schon fr\u00fch, so um den 8. Monat, andere hingegen erst im 15. Monat zu laufen, wieder andere noch sp\u00e4ter. Zieht sich ein Kind in die Kita an einem M\u00f6belst\u00fcck hoch und h\u00e4lt sich daran fest, ist es schon auf dem besten Wege laufen zu lernen. Wir fangen dann an mit ihm zu trainieren. Nach und nach wird das Kind immer sicherer stehen und l\u00e4sst irgendwann unsere beide H\u00e4nde los. Was f\u00fcr ein Wunder.<\/p>","protected":false},"excerpt":{"rendered":"<p>Die ersten Schritte! Manche Babys lernen schon fr\u00fch, so um den 8. Monat, andere hingegen erst im 15. Monat zu laufen, wieder andere noch sp\u00e4ter. Zieht sich ein Kind in die Kita an einem M\u00f6belst\u00fcck hoch und h\u00e4lt sich daran fest, ist es schon auf dem besten Wege laufen zu lernen. Wir fangen dann an [&hellip;]<\/p>\n","protected":false},"author":2,"featured_media":9560,"comment_status":"closed","ping_status":"closed","sticky":false,"template":"","format":"gallery","meta":{"footnotes":""},"categories":[519],"tags":[],"class_list":["post-9613","post","type-post","status-publish","format-gallery","has-post-thumbnail","hentry","category-kinderkrippe-blog","post_format-post-format-gallery"],"_links":{"self":[{"href":"https:\/\/kitabluemli.ch\/en\/wp-json\/wp\/v2\/posts\/9613","targetHints":{"allow":["GET"]}}],"collection":[{"href":"https:\/\/kitabluemli.ch\/en\/wp-json\/wp\/v2\/posts"}],"about":[{"href":"https:\/\/kitabluemli.ch\/en\/wp-json\/wp\/v2\/types\/post"}],"author":[{"embeddable":true,"href":"https:\/\/kitabluemli.ch\/en\/wp-json\/wp\/v2\/users\/2"}],"replies":[{"embeddable":true,"href":"https:\/\/kitabluemli.ch\/en\/wp-json\/wp\/v2\/comments?post=9613"}],"version-history":[{"count":0,"href":"https:\/\/kitabluemli.ch\/en\/wp-json\/wp\/v2\/posts\/9613\/revisions"}],"wp:featuredmedia":[{"embeddable":true,"href":"https:\/\/kitabluemli.ch\/en\/wp-json\/wp\/v2\/media\/9560"}],"wp:attachment":[{"href":"https:\/\/kitabluemli.ch\/en\/wp-json\/wp\/v2\/media?parent=9613"}],"wp:term":[{"taxonomy":"category","embeddable":true,"href":"https:\/\/kitabluemli.ch\/en\/wp-json\/wp\/v2\/categories?post=9613"},{"taxonomy":"post_tag","embeddable":true,"href":"https:\/\/kitabluemli.ch\/en\/wp-json\/wp\/v2\/tags?post=9613"}],"curies":[{"name":"wp","href":"https:\/\/api.w.org\/{rel}","templated":true}]}}