{"id":9743,"date":"2020-05-21T07:00:30","date_gmt":"2020-05-21T05:00:30","guid":{"rendered":"https:\/\/eager-austin.188-34-163-140.plesk.page\/?p=9743"},"modified":"2020-05-21T07:00:30","modified_gmt":"2020-05-21T05:00:30","slug":"auffahrt-2020","status":"publish","type":"post","link":"https:\/\/kitabluemli.ch\/en\/auffahrt-2020\/","title":{"rendered":"Auffahrt 2020"},"content":{"rendered":"<p>Die KiTa Bl\u00fcemli bleibt Heute Donnerstag, 21. Mai (Auffahrt) geschlossen. Morgen Freitag 22. Mai sind wir wieder f\u00fcr Sie da. Wir w\u00fcnschen allen einen erholsamen Tag, Andrea<\/p>","protected":false},"excerpt":{"rendered":"<p>Die KiTa Bl\u00fcemli bleibt Heute Donnerstag, 21. Mai (Auffahrt) geschlossen. Morgen Freitag 22. Mai sind wir wieder f\u00fcr Sie da. Wir w\u00fcnschen allen einen erholsamen Tag, Andrea<\/p>","protected":false},"author":2,"featured_media":9744,"comment_status":"closed","ping_status":"closed","sticky":false,"template":"","format":"standard","meta":{"footnotes":""},"categories":[1,519,520],"tags":[],"class_list":["post-9743","post","type-post","status-publish","format-standard","has-post-thumbnail","hentry","category-allgemein-blog","category-kinderkrippe-blog","category-waldkinderkrippe-blog"],"_links":{"self":[{"href":"https:\/\/kitabluemli.ch\/en\/wp-json\/wp\/v2\/posts\/9743","targetHints":{"allow":["GET"]}}],"collection":[{"href":"https:\/\/kitabluemli.ch\/en\/wp-json\/wp\/v2\/posts"}],"about":[{"href":"https:\/\/kitabluemli.ch\/en\/wp-json\/wp\/v2\/types\/post"}],"author":[{"embeddable":true,"href":"https:\/\/kitabluemli.ch\/en\/wp-json\/wp\/v2\/users\/2"}],"replies":[{"embeddable":true,"href":"https:\/\/kitabluemli.ch\/en\/wp-json\/wp\/v2\/comments?post=9743"}],"version-history":[{"count":0,"href":"https:\/\/kitabluemli.ch\/en\/wp-json\/wp\/v2\/posts\/9743\/revisions"}],"wp:featuredmedia":[{"embeddable":true,"href":"https:\/\/kitabluemli.ch\/en\/wp-json\/wp\/v2\/media\/9744"}],"wp:attachment":[{"href":"https:\/\/kitabluemli.ch\/en\/wp-json\/wp\/v2\/media?parent=9743"}],"wp:term":[{"taxonomy":"category","embeddable":true,"href":"https:\/\/kitabluemli.ch\/en\/wp-json\/wp\/v2\/categories?post=9743"},{"taxonomy":"post_tag","embeddable":true,"href":"https:\/\/kitabluemli.ch\/en\/wp-json\/wp\/v2\/tags?post=9743"}],"curies":[{"name":"wp","href":"https:\/\/api.w.org\/{rel}","templated":true}]}}