{"id":9769,"date":"2020-06-01T07:00:11","date_gmt":"2020-06-01T05:00:11","guid":{"rendered":"https:\/\/eager-austin.188-34-163-140.plesk.page\/?p=9769"},"modified":"2020-06-01T07:00:11","modified_gmt":"2020-06-01T05:00:11","slug":"pfingsten-2020","status":"publish","type":"post","link":"https:\/\/kitabluemli.ch\/en\/pfingsten-2020\/","title":{"rendered":"Pfingsten 2020"},"content":{"rendered":"<p>Heute 01.06.2020, Pfingstmontag sind wir den ganzen Tag geschlossen.<br \/>\nWir w\u00fcnsche allen einen sch\u00f6nen Feiertag.<\/p>\n<p>Andi &#8211; Kita Bl\u00fcemli<\/p>","protected":false},"excerpt":{"rendered":"<p>Heute 01.06.2020, Pfingstmontag sind wir den ganzen Tag geschlossen. Wir w\u00fcnsche allen einen sch\u00f6nen Feiertag. Andi &#8211; Kita Bl\u00fcemli<\/p>","protected":false},"author":2,"featured_media":9770,"comment_status":"closed","ping_status":"closed","sticky":false,"template":"","format":"standard","meta":{"footnotes":""},"categories":[1,519,520],"tags":[],"class_list":["post-9769","post","type-post","status-publish","format-standard","has-post-thumbnail","hentry","category-allgemein-blog","category-kinderkrippe-blog","category-waldkinderkrippe-blog"],"_links":{"self":[{"href":"https:\/\/kitabluemli.ch\/en\/wp-json\/wp\/v2\/posts\/9769","targetHints":{"allow":["GET"]}}],"collection":[{"href":"https:\/\/kitabluemli.ch\/en\/wp-json\/wp\/v2\/posts"}],"about":[{"href":"https:\/\/kitabluemli.ch\/en\/wp-json\/wp\/v2\/types\/post"}],"author":[{"embeddable":true,"href":"https:\/\/kitabluemli.ch\/en\/wp-json\/wp\/v2\/users\/2"}],"replies":[{"embeddable":true,"href":"https:\/\/kitabluemli.ch\/en\/wp-json\/wp\/v2\/comments?post=9769"}],"version-history":[{"count":0,"href":"https:\/\/kitabluemli.ch\/en\/wp-json\/wp\/v2\/posts\/9769\/revisions"}],"wp:featuredmedia":[{"embeddable":true,"href":"https:\/\/kitabluemli.ch\/en\/wp-json\/wp\/v2\/media\/9770"}],"wp:attachment":[{"href":"https:\/\/kitabluemli.ch\/en\/wp-json\/wp\/v2\/media?parent=9769"}],"wp:term":[{"taxonomy":"category","embeddable":true,"href":"https:\/\/kitabluemli.ch\/en\/wp-json\/wp\/v2\/categories?post=9769"},{"taxonomy":"post_tag","embeddable":true,"href":"https:\/\/kitabluemli.ch\/en\/wp-json\/wp\/v2\/tags?post=9769"}],"curies":[{"name":"wp","href":"https:\/\/api.w.org\/{rel}","templated":true}]}}