{"id":9787,"date":"2020-06-07T07:00:40","date_gmt":"2020-06-07T05:00:40","guid":{"rendered":"https:\/\/eager-austin.188-34-163-140.plesk.page\/?p=9787"},"modified":"2020-06-07T07:00:40","modified_gmt":"2020-06-07T05:00:40","slug":"regenbogenbild","status":"publish","type":"post","link":"https:\/\/kitabluemli.ch\/en\/regenbogenbild\/","title":{"rendered":"Regenbogenbild"},"content":{"rendered":"<div id='gallery-1' class='gallery galleryid-9787 gallery-columns-3 gallery-size-thumbnail'><figure class='gallery-item'>\n\t\t\t<div class='gallery-icon portrait'>\n\t\t\t\t<a href='https:\/\/kitabluemli.ch\/en\/kinderkrippe-bluemli-regenbogenbild-01\/'><img decoding=\"async\" width=\"150\" height=\"150\" src=\"https:\/\/kitabluemli.ch\/wp-content\/uploads\/2020\/06\/kinderkrippe-bluemli-regenbogenbild-01-150x150.jpg\" class=\"attachment-thumbnail size-thumbnail\" alt=\"kinderkrippe bluemli - regenbogenbild\" title=\"\"><\/a>\n\t\t\t<\/div><\/figure>\n\t\t<\/div>\n\n<p>Wir malen einen Regenbogenbild. Unsere Kinder malen oft gemeinsam. Sie erz\u00e4hlen sich gegenseitig, was sie tun, \u00fcbernehmen Motive von anderen Kindern, experimentieren mit Farben und Formen oder versuchen sich gegenseitig zu \u00fcbertrumpfen. Beim Malen in Gruppen wird die Entwicklung von grob- und feinmotorischen Bewegungsabl\u00e4ufen geschult aber auch die Kommunikation untereinander gef\u00f6rdert.<\/p>","protected":false},"excerpt":{"rendered":"<p>Wir malen einen Regenbogenbild. Unsere Kinder malen oft gemeinsam. Sie erz\u00e4hlen sich gegenseitig, was sie tun, \u00fcbernehmen Motive von anderen Kindern, experimentieren mit Farben und Formen oder versuchen sich gegenseitig zu \u00fcbertrumpfen. Beim Malen in Gruppen wird die Entwicklung von grob- und feinmotorischen Bewegungsabl\u00e4ufen geschult aber auch die Kommunikation untereinander gef\u00f6rdert.<\/p>","protected":false},"author":2,"featured_media":9788,"comment_status":"closed","ping_status":"closed","sticky":false,"template":"","format":"gallery","meta":{"footnotes":""},"categories":[1],"tags":[],"class_list":["post-9787","post","type-post","status-publish","format-gallery","has-post-thumbnail","hentry","category-allgemein-blog","post_format-post-format-gallery"],"_links":{"self":[{"href":"https:\/\/kitabluemli.ch\/en\/wp-json\/wp\/v2\/posts\/9787","targetHints":{"allow":["GET"]}}],"collection":[{"href":"https:\/\/kitabluemli.ch\/en\/wp-json\/wp\/v2\/posts"}],"about":[{"href":"https:\/\/kitabluemli.ch\/en\/wp-json\/wp\/v2\/types\/post"}],"author":[{"embeddable":true,"href":"https:\/\/kitabluemli.ch\/en\/wp-json\/wp\/v2\/users\/2"}],"replies":[{"embeddable":true,"href":"https:\/\/kitabluemli.ch\/en\/wp-json\/wp\/v2\/comments?post=9787"}],"version-history":[{"count":0,"href":"https:\/\/kitabluemli.ch\/en\/wp-json\/wp\/v2\/posts\/9787\/revisions"}],"wp:featuredmedia":[{"embeddable":true,"href":"https:\/\/kitabluemli.ch\/en\/wp-json\/wp\/v2\/media\/9788"}],"wp:attachment":[{"href":"https:\/\/kitabluemli.ch\/en\/wp-json\/wp\/v2\/media?parent=9787"}],"wp:term":[{"taxonomy":"category","embeddable":true,"href":"https:\/\/kitabluemli.ch\/en\/wp-json\/wp\/v2\/categories?post=9787"},{"taxonomy":"post_tag","embeddable":true,"href":"https:\/\/kitabluemli.ch\/en\/wp-json\/wp\/v2\/tags?post=9787"}],"curies":[{"name":"wp","href":"https:\/\/api.w.org\/{rel}","templated":true}]}}