{"id":9826,"date":"2020-06-20T07:00:43","date_gmt":"2020-06-20T05:00:43","guid":{"rendered":"https:\/\/eager-austin.188-34-163-140.plesk.page\/?p=9826"},"modified":"2020-06-20T07:00:43","modified_gmt":"2020-06-20T05:00:43","slug":"waldessen","status":"publish","type":"post","link":"https:\/\/kitabluemli.ch\/en\/waldessen\/","title":{"rendered":"Waldessen"},"content":{"rendered":"<div id='gallery-1' class='gallery galleryid-9826 gallery-columns-3 gallery-size-thumbnail'><figure class='gallery-item'>\n\t\t\t<div class='gallery-icon portrait'>\n\t\t\t\t<a href='https:\/\/kitabluemli.ch\/en\/kinderkrippe-bluemli-waldessen-02\/'><img decoding=\"async\" width=\"150\" height=\"150\" src=\"https:\/\/kitabluemli.ch\/wp-content\/uploads\/2020\/06\/kinderkrippe-bluemli-waldessen-02-150x150.jpg\" class=\"attachment-thumbnail size-thumbnail\" alt=\"kinderkrippe bluemli - waldessen\" title=\"\"><\/a>\n\t\t\t<\/div><\/figure>\n\t\t<\/div>\n\n<p>Wir bereiten unser Waldessen vor. Alle unsere Mahlzeiten werden soweit wie m\u00f6glich ausschliesslich mit Bio Produkten zubereitet. Sicherlich kosten Bio Produkte etwas mehr aber eine nachhaltige und bewusste Ern\u00e4hrung f\u00f6rdert nicht nur die Gesundheit der Kinder, sondern ist auch eine Frage der Lebenseinstellung. Wer erkannt hat, dass in biologischem Gem\u00fcse keine chemischen D\u00fcnger- und Unkrautvernichtungsmittel vorhanden sind und bei der Tierhaltung auf die tierschutzwidrigen Methoden der Massentierhaltung verzichtet wird, der kommt automatisch zum Schluss, dass Bio Produkte zu bevorzugen sind.<\/p>\n<p>Die Kinder erhalten Fr\u00fchst\u00fcck, Zn\u00fcni, Mittagessen und Zvieri. Alle Mahlzeiten bereiten wir selber t\u00e4glich frisch in die KiTa oder wie hier auch Vorort im Wald.<\/p>","protected":false},"excerpt":{"rendered":"<p>Wir bereiten unser Waldessen vor. Alle unsere Mahlzeiten werden soweit wie m\u00f6glich ausschliesslich mit Bio Produkten zubereitet. Sicherlich kosten Bio Produkte etwas mehr aber eine nachhaltige und bewusste Ern\u00e4hrung f\u00f6rdert nicht nur die Gesundheit der Kinder, sondern ist auch eine Frage der Lebenseinstellung. Wer erkannt hat, dass in biologischem Gem\u00fcse keine chemischen D\u00fcnger- und Unkrautvernichtungsmittel [&hellip;]<\/p>\n","protected":false},"author":2,"featured_media":9828,"comment_status":"closed","ping_status":"closed","sticky":false,"template":"","format":"gallery","meta":{"footnotes":""},"categories":[520],"tags":[],"class_list":["post-9826","post","type-post","status-publish","format-gallery","has-post-thumbnail","hentry","category-waldkinderkrippe-blog","post_format-post-format-gallery"],"_links":{"self":[{"href":"https:\/\/kitabluemli.ch\/en\/wp-json\/wp\/v2\/posts\/9826","targetHints":{"allow":["GET"]}}],"collection":[{"href":"https:\/\/kitabluemli.ch\/en\/wp-json\/wp\/v2\/posts"}],"about":[{"href":"https:\/\/kitabluemli.ch\/en\/wp-json\/wp\/v2\/types\/post"}],"author":[{"embeddable":true,"href":"https:\/\/kitabluemli.ch\/en\/wp-json\/wp\/v2\/users\/2"}],"replies":[{"embeddable":true,"href":"https:\/\/kitabluemli.ch\/en\/wp-json\/wp\/v2\/comments?post=9826"}],"version-history":[{"count":0,"href":"https:\/\/kitabluemli.ch\/en\/wp-json\/wp\/v2\/posts\/9826\/revisions"}],"wp:featuredmedia":[{"embeddable":true,"href":"https:\/\/kitabluemli.ch\/en\/wp-json\/wp\/v2\/media\/9828"}],"wp:attachment":[{"href":"https:\/\/kitabluemli.ch\/en\/wp-json\/wp\/v2\/media?parent=9826"}],"wp:term":[{"taxonomy":"category","embeddable":true,"href":"https:\/\/kitabluemli.ch\/en\/wp-json\/wp\/v2\/categories?post=9826"},{"taxonomy":"post_tag","embeddable":true,"href":"https:\/\/kitabluemli.ch\/en\/wp-json\/wp\/v2\/tags?post=9826"}],"curies":[{"name":"wp","href":"https:\/\/api.w.org\/{rel}","templated":true}]}}