{"id":9838,"date":"2020-06-23T07:00:14","date_gmt":"2020-06-23T05:00:14","guid":{"rendered":"https:\/\/eager-austin.188-34-163-140.plesk.page\/?p=9838"},"modified":"2020-06-23T07:00:14","modified_gmt":"2020-06-23T05:00:14","slug":"verkehrsschule","status":"publish","type":"post","link":"https:\/\/kitabluemli.ch\/en\/verkehrsschule\/","title":{"rendered":"Verkehrsschule"},"content":{"rendered":"<div id='gallery-1' class='gallery galleryid-9838 gallery-columns-3 gallery-size-thumbnail'><figure class='gallery-item'>\n\t\t\t<div class='gallery-icon landscape'>\n\t\t\t\t<a href='https:\/\/kitabluemli.ch\/en\/kinderkrippe-und-waldkinderkrippe-bluemli-verkehrsschule-02\/'><img decoding=\"async\" width=\"150\" height=\"150\" src=\"https:\/\/kitabluemli.ch\/wp-content\/uploads\/2020\/06\/kinderkrippe-und-waldkinderkrippe-bluemli-verkehrsschule-02-150x150.jpg\" class=\"attachment-thumbnail size-thumbnail\" alt=\"kinderkrippe und waldkinderkrippe bluemli - Verkehrsschule\" title=\"\"><\/a>\n\t\t\t<\/div><\/figure>\n\t\t<\/div>\n\n<p>Letzte Woche haben wir mit den Kinder einen Geschicklichkeit Parcours auf unser Spielplatz aufgestellt und mit Trottinett, Roller und Velos verschieden Verkehrs\u00fcbungen ge\u00fcbt. Verkehrserziehung bedeutet nicht nur, mit den Kinder den Weg in die KiTa oder sp\u00e4ter in die Schule zu trainieren. Verkehrserziehung bedeutet auch, dass das die Kinder lernen sich sicher und sozial zu verhalten.<\/p>","protected":false},"excerpt":{"rendered":"<p>Letzte Woche haben wir mit den Kinder einen Geschicklichkeit Parcours auf unser Spielplatz aufgestellt und mit Trottinett, Roller und Velos verschieden Verkehrs\u00fcbungen ge\u00fcbt. Verkehrserziehung bedeutet nicht nur, mit den Kinder den Weg in die KiTa oder sp\u00e4ter in die Schule zu trainieren. Verkehrserziehung bedeutet auch, dass das die Kinder lernen sich sicher und sozial zu [&hellip;]<\/p>\n","protected":false},"author":2,"featured_media":9843,"comment_status":"closed","ping_status":"closed","sticky":false,"template":"","format":"gallery","meta":{"footnotes":""},"categories":[519],"tags":[],"class_list":["post-9838","post","type-post","status-publish","format-gallery","has-post-thumbnail","hentry","category-kinderkrippe-blog","post_format-post-format-gallery"],"_links":{"self":[{"href":"https:\/\/kitabluemli.ch\/en\/wp-json\/wp\/v2\/posts\/9838","targetHints":{"allow":["GET"]}}],"collection":[{"href":"https:\/\/kitabluemli.ch\/en\/wp-json\/wp\/v2\/posts"}],"about":[{"href":"https:\/\/kitabluemli.ch\/en\/wp-json\/wp\/v2\/types\/post"}],"author":[{"embeddable":true,"href":"https:\/\/kitabluemli.ch\/en\/wp-json\/wp\/v2\/users\/2"}],"replies":[{"embeddable":true,"href":"https:\/\/kitabluemli.ch\/en\/wp-json\/wp\/v2\/comments?post=9838"}],"version-history":[{"count":0,"href":"https:\/\/kitabluemli.ch\/en\/wp-json\/wp\/v2\/posts\/9838\/revisions"}],"wp:featuredmedia":[{"embeddable":true,"href":"https:\/\/kitabluemli.ch\/en\/wp-json\/wp\/v2\/media\/9843"}],"wp:attachment":[{"href":"https:\/\/kitabluemli.ch\/en\/wp-json\/wp\/v2\/media?parent=9838"}],"wp:term":[{"taxonomy":"category","embeddable":true,"href":"https:\/\/kitabluemli.ch\/en\/wp-json\/wp\/v2\/categories?post=9838"},{"taxonomy":"post_tag","embeddable":true,"href":"https:\/\/kitabluemli.ch\/en\/wp-json\/wp\/v2\/tags?post=9838"}],"curies":[{"name":"wp","href":"https:\/\/api.w.org\/{rel}","templated":true}]}}