{"id":9858,"date":"2020-06-28T07:00:12","date_gmt":"2020-06-28T05:00:12","guid":{"rendered":"https:\/\/eager-austin.188-34-163-140.plesk.page\/?p=9858"},"modified":"2020-06-28T07:00:12","modified_gmt":"2020-06-28T05:00:12","slug":"ru%cc%88cksa%cc%88cke","status":"publish","type":"post","link":"https:\/\/kitabluemli.ch\/en\/ru%cc%88cksa%cc%88cke\/","title":{"rendered":"Ru\u0308cksa\u0308cke"},"content":{"rendered":"<p>Kinder Ru\u0308cksa\u0308cke, Rot, Blau, Gelb&#8230; alle Farben sind vorhanden. Hier haben wir sie an ein Seil aufgeh\u00e4ngt um sei vor Schmutz und Bodenn\u00e4sse zu sch\u00fctzen.<\/p>","protected":false},"excerpt":{"rendered":"<p>Kinder Ru\u0308cksa\u0308cke, Rot, Blau, Gelb&#8230; alle Farben sind vorhanden. Hier haben wir sie an ein Seil aufgeh\u00e4ngt um sei vor Schmutz und Bodenn\u00e4sse zu sch\u00fctzen.<\/p>","protected":false},"author":2,"featured_media":9857,"comment_status":"closed","ping_status":"closed","sticky":false,"template":"","format":"standard","meta":{"footnotes":""},"categories":[520],"tags":[],"class_list":["post-9858","post","type-post","status-publish","format-standard","has-post-thumbnail","hentry","category-waldkinderkrippe-blog"],"_links":{"self":[{"href":"https:\/\/kitabluemli.ch\/en\/wp-json\/wp\/v2\/posts\/9858","targetHints":{"allow":["GET"]}}],"collection":[{"href":"https:\/\/kitabluemli.ch\/en\/wp-json\/wp\/v2\/posts"}],"about":[{"href":"https:\/\/kitabluemli.ch\/en\/wp-json\/wp\/v2\/types\/post"}],"author":[{"embeddable":true,"href":"https:\/\/kitabluemli.ch\/en\/wp-json\/wp\/v2\/users\/2"}],"replies":[{"embeddable":true,"href":"https:\/\/kitabluemli.ch\/en\/wp-json\/wp\/v2\/comments?post=9858"}],"version-history":[{"count":0,"href":"https:\/\/kitabluemli.ch\/en\/wp-json\/wp\/v2\/posts\/9858\/revisions"}],"wp:featuredmedia":[{"embeddable":true,"href":"https:\/\/kitabluemli.ch\/en\/wp-json\/wp\/v2\/media\/9857"}],"wp:attachment":[{"href":"https:\/\/kitabluemli.ch\/en\/wp-json\/wp\/v2\/media?parent=9858"}],"wp:term":[{"taxonomy":"category","embeddable":true,"href":"https:\/\/kitabluemli.ch\/en\/wp-json\/wp\/v2\/categories?post=9858"},{"taxonomy":"post_tag","embeddable":true,"href":"https:\/\/kitabluemli.ch\/en\/wp-json\/wp\/v2\/tags?post=9858"}],"curies":[{"name":"wp","href":"https:\/\/api.w.org\/{rel}","templated":true}]}}